{"id":389213,"date":"2025-09-14T02:08:13","date_gmt":"2025-09-14T02:08:13","guid":{"rendered":"https:\/\/www.europesays.com\/fr\/389213\/"},"modified":"2025-09-14T02:08:13","modified_gmt":"2025-09-14T02:08:13","slug":"une-explosion-dans-un-cafe-a-madrid-au-moins-21-blesses-dont-trois-dans-un-etat-grave","status":"publish","type":"post","link":"https:\/\/www.europesays.com\/fr\/389213\/","title":{"rendered":"une explosion dans un caf\u00e9 \u00e0 Madrid, au moins 21 bless\u00e9s, dont trois dans un \u00e9tat grave"},"content":{"rendered":"<p class=\"article-p mdl\">Ce samedi 13 septembre, une explosion a secou\u00e9 un caf\u00e9 du quartier de Vallecas \u00e0 Madrid, en Espagne. L&rsquo;incident a bless\u00e9 <strong>au moins 21 personnes, dont trois dans un \u00e9tat grave,\u00a0<\/strong>ont annonc\u00e9 les services d&rsquo;urgence de Madrid. L&rsquo;explosion s&rsquo;est produite \u00e0 15 heures, selon le quotidien espagnol\u00a0<a class=\"link\" href=\"https:\/\/elpais.com\/\" target=\"_blank\" rel=\"noopener\">El Pa\u00eds<\/a>,\u00a0mais l&rsquo;origine de la d\u00e9flagration reste pour le moment inconnue. Les autorit\u00e9s espagnoles ont imm\u00e9diatement lanc\u00e9 une enqu\u00eate pour tenter de d\u00e9terminer les causes de cet accident.<\/p>\n<p class=\"article-p mdl\">Les secours sont rapidement intervenus, et les bless\u00e9s ont \u00e9t\u00e9 pris en charge. <strong>Une enqu\u00eate est en cours<\/strong> pour v\u00e9rifier s&rsquo;il pourrait s&rsquo;agir d&rsquo;un accident, d&rsquo;un acte criminel ou d&rsquo;une autre cause. Pour l&rsquo;heure, aucune information suppl\u00e9mentaire n&rsquo;a \u00e9t\u00e9 donn\u00e9e concernant les conditions des bless\u00e9s.<\/p>\n<p class=\"article-p mdl\">Les habitants du quartier de Vallecas ont \u00e9t\u00e9 choqu\u00e9s par l&rsquo;ampleur de l&rsquo;explosion, qui a provoqu\u00e9 d&rsquo;importants d\u00e9g\u00e2ts mat\u00e9riels dans l&rsquo;\u00e9tablissement. Les autorit\u00e9s locales <strong>continuent \u00e0 s\u00e9curiser la zone<\/strong> et de recueillir les t\u00e9moignages des t\u00e9moins pr\u00e9sents au moment de l&rsquo;explosion. 18 unit\u00e9s des pompiers de Madrid\u00a0poursuivent les op\u00e9rations de d\u00e9blaiement, accompagn\u00e9es de leur unit\u00e9 canine.\u00a0Par ailleurs, la police de Madrid\u00a0intervient avec des drones pour faciliter les op\u00e9rations.<\/p>\n<p class=\"article-p mdl\">\n<strong>Plus d&rsquo;informations \u00e0 suivre sur RTL&#8230;<\/strong><br \/><strong\/><\/p>\n<p>    La r\u00e9daction vous recommande<\/p>\n<p class=\"s-newsletter__title\">\n                L\u2019actualit\u00e9 par la r\u00e9daction de RTL dans votre bo\u00eete mail.\n            <\/p>\n<p class=\"s-newsletter__subtitle\">\n                Gr\u00e2ce \u00e0 votre compte RTL abonnez-vous \u00e0 la newsletter RTL info pour suivre toute l&rsquo;actualit\u00e9 au quotidien\n            <\/p>\n<p>\n                                    Lire la suite\n                                <\/p>\n","protected":false},"excerpt":{"rendered":"Ce samedi 13 septembre, une explosion a secou\u00e9 un caf\u00e9 du quartier de Vallecas \u00e0 Madrid, en Espagne.&hellip;\n","protected":false},"author":2,"featured_media":389214,"comment_status":"","ping_status":"","sticky":false,"template":"","format":"standard","meta":{"footnotes":""},"categories":[5],"tags":[11,898,123,107,1011,27,14,12,28],"class_list":{"0":"post-389213","1":"post","2":"type-post","3":"status-publish","4":"format-standard","5":"has-post-thumbnail","7":"category-international","8":"tag-actualites","9":"tag-alerte","10":"tag-espagne","11":"tag-fil-info","12":"tag-fr","13":"tag-france","14":"tag-international","15":"tag-news","16":"tag-world"},"share_on_mastodon":{"url":"https:\/\/pubeurope.com\/@fr\/115200216604409601","error":""},"_links":{"self":[{"href":"https:\/\/www.europesays.com\/fr\/wp-json\/wp\/v2\/posts\/389213","targetHints":{"allow":["GET"]}}],"collection":[{"href":"https:\/\/www.europesays.com\/fr\/wp-json\/wp\/v2\/posts"}],"about":[{"href":"https:\/\/www.europesays.com\/fr\/wp-json\/wp\/v2\/types\/post"}],"author":[{"embeddable":true,"href":"https:\/\/www.europesays.com\/fr\/wp-json\/wp\/v2\/users\/2"}],"replies":[{"embeddable":true,"href":"https:\/\/www.europesays.com\/fr\/wp-json\/wp\/v2\/comments?post=389213"}],"version-history":[{"count":0,"href":"https:\/\/www.europesays.com\/fr\/wp-json\/wp\/v2\/posts\/389213\/revisions"}],"wp:featuredmedia":[{"embeddable":true,"href":"https:\/\/www.europesays.com\/fr\/wp-json\/wp\/v2\/media\/389214"}],"wp:attachment":[{"href":"https:\/\/www.europesays.com\/fr\/wp-json\/wp\/v2\/media?parent=389213"}],"wp:term":[{"taxonomy":"category","embeddable":true,"href":"https:\/\/www.europesays.com\/fr\/wp-json\/wp\/v2\/categories?post=389213"},{"taxonomy":"post_tag","embeddable":true,"href":"https:\/\/www.europesays.com\/fr\/wp-json\/wp\/v2\/tags?post=389213"}],"curies":[{"name":"wp","href":"https:\/\/api.w.org\/{rel}","templated":true}]}}