{"id":389217,"date":"2025-09-14T02:10:12","date_gmt":"2025-09-14T02:10:12","guid":{"rendered":"https:\/\/www.europesays.com\/fr\/389217\/"},"modified":"2025-09-14T02:10:12","modified_gmt":"2025-09-14T02:10:12","slug":"une-equipe-remaniee-pour-affronter-les-lensois","status":"publish","type":"post","link":"https:\/\/www.europesays.com\/fr\/389217\/","title":{"rendered":"Une \u00e9quipe remani\u00e9e pour affronter les Lensois ?"},"content":{"rendered":"<p><img width=\"700\" height=\"350\" src=\"https:\/\/www.europesays.com\/fr\/wp-content\/uploads\/2025\/09\/Mbaye.jpg\" class=\"attachment-jannah-image-post size-jannah-image-post wp-post-image\" alt=\"Mbaye\" is_main_img=\"1\" decoding=\"async\" fetchpriority=\"high\"  \/><br \/>\n Image :<br \/>\npsg.fr<\/p>\n<p>Pour son retour \u00e0 la comp\u00e9tition, le PSG devrait affronter<br \/>\nle RC Lens en Ligue 1 avec une \u00e9quipe remani\u00e9e en vue des grosses<br \/>\n\u00e9ch\u00e9ances \u00e0 venir.<\/p>\n<p>Le <strong>PSG<\/strong> retrouve la comp\u00e9tition ce dimanche. \u00c0<br \/>\nl\u2019occasion de la <strong>4e journ\u00e9e de Ligue 1<\/strong>, les<br \/>\nchampions de France accueillent \u2013 au <strong>Parc des<br \/>\nPrinces<\/strong> \u2013 le <strong><a href=\"https:\/\/canal-supporters.com\/sage-le-psg-est-pour-moi-la-meilleure-equipe-du-monde\/\" title=\"\" target=\"_blank\" rel=\"noopener\">RC Lens<\/a><\/strong> (\u00e0 17h15 sur beIN SPORTS 1).<br \/>\nEt pour ce match, <strong><a href=\"https:\/\/canal-supporters.com\/luis-enrique-et-fabian-ruiz-presents-a-lentrainement\/\" title=\"\" target=\"_blank\" rel=\"noopener\">Luis Enrique<\/a><\/strong> ne pourra pas compter sur<br \/>\n<strong>Ousmane Demb\u00e9l\u00e9<\/strong> (l\u00e9sion s\u00e9v\u00e8re \u00e0 l\u2019ischio-jambier<br \/>\ndroit) et <strong>D\u00e9sir\u00e9 Dou\u00e9<\/strong> (l\u00e9sion au mollet droit). Et<br \/>\navant une semaine importante \u00e0 venir (<strong>l\u2019Atalanta<br \/>\nBergame<\/strong> en <strong>Ligue des champions<\/strong> et<br \/>\nl\u2019Olympique de Marseille en <strong>Ligue 1<\/strong>), le coach<br \/>\nparisien pourrait aligner un onze de d\u00e9part remani\u00e9 entre joueurs<br \/>\nlaiss\u00e9s au repos ces derniers joueurs et ceux moins utilis\u00e9s en<br \/>\ns\u00e9lection, comme le rapporte <strong><a href=\"https:\/\/www.leparisien.fr\/sports\/football\/ligue-1\/psg-lens-la-composition-probable-des-parisiens-avec-pacho-ruiz-et-mbaye-titulaires-13-09-2025-HK3KE2SGPNCPLDQQBF7OGJSP3Y.php\" target=\"_blank\" rel=\"noopener\" title=\"\">Le<br \/>\nParisien<\/a><\/strong>.<\/p>\n<p>Une chance \u00e0<br \/>\nsaisir pour Mbaye<\/p>\n<p>Dans les buts, pas de surprise attendue avec <strong>Lucas<br \/>\nChevalier<\/strong>. En revanche, certains cadres en d\u00e9fense<br \/>\npourraient \u00eatre laiss\u00e9s au repos. Comme la saison pass\u00e9e apr\u00e8s les<br \/>\ntr\u00eaves internationales, <strong>Marquinhos<\/strong> pourrait<br \/>\nd\u00e9buter sur le banc et laisser sa place \u00e0 <strong>Illia<br \/>\nZabarnyi<\/strong> afin d\u2019accompagner <strong>Willian Pacho<\/strong><br \/>\nen d\u00e9fense centrale. Dans les couloirs, <strong>Achraf<br \/>\nHakimi<\/strong>, laiss\u00e9 au repos lors du deuxi\u00e8me match du<br \/>\n<strong>Maroc<\/strong>, et <strong>Lucas Beraldo<\/strong> sont<br \/>\npressentis.<\/p>\n<p>Titulaire \u00e0 chaque match du <strong>PSG<\/strong> depuis le d\u00e9but<br \/>\nde saison, <strong>Vitinha<\/strong> pourrait laisser sa place \u00e0 son<br \/>\ncompatriote <strong>Jo\u00e3o Neves<\/strong> devant la d\u00e9fense. Le<br \/>\nPortugais serait ainsi accompagn\u00e9 de <strong>Warren<br \/>\nZa\u00efre-Emery<\/strong>, non convoqu\u00e9 par <strong>l\u2019\u00e9quipe de<br \/>\nFrance<\/strong> durant cette tr\u00eave, et <strong>Fabian<br \/>\nRuiz<\/strong>, qui s\u2019est remis de sa douleur musculaire. Enfin, une<br \/>\nattaque in\u00e9dite pourrait \u00eatre align\u00e9e. En forme avec la<br \/>\n<strong>G\u00e9orgie<\/strong>, <strong>Khvicha Kvaratskhelia<\/strong><br \/>\npourrait conna\u00eetre sa premi\u00e8re titularisation en <strong>Ligue<br \/>\n1<\/strong> cette saison. Il formerait un trio offensif avec<br \/>\n<strong>Gon\u00e7alo Ramos<\/strong> et <strong>Ibrahim Mbaye<\/strong>,<br \/>\nd\u2019apr\u00e8s le quotidien francilien.<\/p>\n<ul class=\"wp-block-list\">\n<li>Le XI probable du <strong>PSG<\/strong> (Le Parisien) : Chevalier \u2013 Hakimi (c), Zabarnyi, Pacho, Beraldo \u2013 Za\u00efre-Emery, J.Neves, F.Ruiz \u2013 Mbaye, G.Ramos, Kvaratskhelia<\/li>\n<\/ul>\n<p>Youtube :<br \/>\n<strong><a href=\"https:\/\/www.youtube.com\/@CanalSupportersParis\" target=\"_blank\" rel=\"noopener\" title=\"\">Canal Supporters<br \/>\nParis<\/a><\/strong><\/p>\n","protected":false},"excerpt":{"rendered":"Image : psg.fr Pour son retour \u00e0 la comp\u00e9tition, le PSG devrait affronter le RC Lens en Ligue&hellip;\n","protected":false},"author":2,"featured_media":389218,"comment_status":"","ping_status":"","sticky":false,"template":"","format":"standard","meta":{"footnotes":""},"categories":[2],"tags":[11,785,81,38756,12796,787,14700,1011,27,17476,87,26782,66,921,1613,12,13196,91,92,93,52154,20338,96,29675,1621],"class_list":{"0":"post-389217","1":"post","2":"type-post","3":"status-publish","4":"format-standard","5":"has-post-thumbnail","7":"category-actualites","8":"tag-actualites","9":"tag-beraldo","10":"tag-canal-supporters","11":"tag-chevalier","12":"tag-composition-probable","13":"tag-cs","14":"tag-fabian-ruiz","15":"tag-fr","16":"tag-france","17":"tag-hakimi","18":"tag-joao-neves","19":"tag-kvaratskhelia","20":"tag-ligue-1","21":"tag-luis-enrique","22":"tag-mbaye","23":"tag-news","24":"tag-pacho","25":"tag-paris-saint-germain","26":"tag-paris-sg","27":"tag-psg","28":"tag-psg-lens","29":"tag-ramos","30":"tag-une","31":"tag-zabarnyi","32":"tag-zaire-emery"},"share_on_mastodon":{"url":"https:\/\/pubeurope.com\/@fr\/115200224585251936","error":""},"_links":{"self":[{"href":"https:\/\/www.europesays.com\/fr\/wp-json\/wp\/v2\/posts\/389217","targetHints":{"allow":["GET"]}}],"collection":[{"href":"https:\/\/www.europesays.com\/fr\/wp-json\/wp\/v2\/posts"}],"about":[{"href":"https:\/\/www.europesays.com\/fr\/wp-json\/wp\/v2\/types\/post"}],"author":[{"embeddable":true,"href":"https:\/\/www.europesays.com\/fr\/wp-json\/wp\/v2\/users\/2"}],"replies":[{"embeddable":true,"href":"https:\/\/www.europesays.com\/fr\/wp-json\/wp\/v2\/comments?post=389217"}],"version-history":[{"count":0,"href":"https:\/\/www.europesays.com\/fr\/wp-json\/wp\/v2\/posts\/389217\/revisions"}],"wp:featuredmedia":[{"embeddable":true,"href":"https:\/\/www.europesays.com\/fr\/wp-json\/wp\/v2\/media\/389218"}],"wp:attachment":[{"href":"https:\/\/www.europesays.com\/fr\/wp-json\/wp\/v2\/media?parent=389217"}],"wp:term":[{"taxonomy":"category","embeddable":true,"href":"https:\/\/www.europesays.com\/fr\/wp-json\/wp\/v2\/categories?post=389217"},{"taxonomy":"post_tag","embeddable":true,"href":"https:\/\/www.europesays.com\/fr\/wp-json\/wp\/v2\/tags?post=389217"}],"curies":[{"name":"wp","href":"https:\/\/api.w.org\/{rel}","templated":true}]}}