{"id":38923,"date":"2025-04-20T12:56:11","date_gmt":"2025-04-20T12:56:11","guid":{"rendered":"https:\/\/www.europesays.com\/fr\/38923\/"},"modified":"2025-04-20T12:56:11","modified_gmt":"2025-04-20T12:56:11","slug":"bordeaux-se-rate-a-saint-brieuc-sa-montee-compromise","status":"publish","type":"post","link":"https:\/\/www.europesays.com\/fr\/38923\/","title":{"rendered":"Bordeaux se rate \u00e0 Saint-Brieuc, sa mont\u00e9e compromise"},"content":{"rendered":"<p>Les Girondins de Bordeaux ont peut-\u00eatre dit adieu \u00e0 la mont\u00e9e apr\u00e8s leur d\u00e9faite ce samedi \u00e0 Saint-Brieuc (1-0).<\/p>\n<p class=\"fig-paragraph\">Les\u00a0<a href=\"http:\/\/www.lefigaro.fr\/sports\/football\/girondins-de-bordeaux-personne-n-a-recu-de-proposition-de-oliver-kahn-assure-gerard-lopez-20250413\" data-fig-type=\"NewsFlash\" data-gtm-custom-categorie=\"navigation\" data-gtm-custom-action=\"crossclick\" data-gtm-custom-label=\"Contextuel\" data-gtm-event=\"customEventSPE\" data-fig-domain=\"LEFIGARO\" target=\"_blank\" rel=\"noopener\">Girondins de Bordeaux<\/a>\u00a0ont fortement compromis leur ambition de mont\u00e9e en National apr\u00e8s leur d\u00e9faite samedi chez le leader de leur poule de N2, Saint-Brieuc (1-0) qui les a repouss\u00e9s \u00e0 huit points au classement \u00e0 quatre journ\u00e9es de la fin. L&rsquo;espoir suscit\u00e9 le week-end dernier par la victoire sur Saint-Malo (1-0), alors en t\u00eate au classement, est retomb\u00e9.<\/p>\n<p class=\"fig-paragraph\">Face aux Briochins, irr\u00e9sistibles ces derni\u00e8res semaines (huit victoires d&rsquo;affil\u00e9e), les Bordelais ont c\u00e9d\u00e9 sur la fin sur un but du capitaine breton James Le Marer, plus prompt pour reprendre de vol\u00e9e un ballon d\u00e9gag\u00e9 par le portier visiteur Lassana Diabat\u00e9 (80).<\/p>\n<p>Huit points de retard<\/p>\n<p class=\"fig-paragraph\">Cette ouverture du score a r\u00e9compens\u00e9 la domination des locaux, peu inqui\u00e9t\u00e9s jusque-l\u00e0 par les co\u00e9quipiers d&rsquo;Andy Carroll. En fin de match, le forcing des visiteurs leur a bien offert trois situations, toutes g\u00e2ch\u00e9es par maladresse ou pr\u00e9cipitation.<\/p>\n<p class=\"fig-paragraph\">\u00c0 quatre journ\u00e9es de la fin, Bordeaux compte huit points de retard sur Saint-Brieuc et six sur Saint-Malo, qui s&rsquo;est bien repris en dominant Saumur samedi (2-0). Les Girondins, sextuples champions de France et plus gros budget de N2 (8 millions d&rsquo;euros), ont \u00e9t\u00e9 rel\u00e9gu\u00e9s administrativement de L2 en N2 (4e division) l&rsquo;\u00e9t\u00e9 dernier avec un passif estim\u00e9 \u00e0 118 millions d&rsquo;euros.<\/p>\n","protected":false},"excerpt":{"rendered":"Les Girondins de Bordeaux ont peut-\u00eatre dit adieu \u00e0 la mont\u00e9e apr\u00e8s leur d\u00e9faite ce samedi \u00e0 Saint-Brieuc&hellip;\n","protected":false},"author":2,"featured_media":23468,"comment_status":"","ping_status":"","sticky":false,"template":"","format":"standard","meta":{"footnotes":""},"categories":[2817],"tags":[1111,11,454,1997,69,448,83,451,64,1777,450,449,674,1011,27,2908,452,453,66,446,447,12,2219,70,25,455],"class_list":{"0":"post-38923","1":"post","2":"type-post","3":"status-publish","4":"format-standard","5":"has-post-thumbnail","7":"category-bordeaux","8":"tag-actu","9":"tag-actualites","10":"tag-ballon-dor","11":"tag-bordeaux","12":"tag-bundesliga","13":"tag-champions-league","14":"tag-coupe-de-france","15":"tag-coupe-du-monde","16":"tag-equipe-de-france","17":"tag-eu","18":"tag-euro","19":"tag-europa-league","20":"tag-europe","21":"tag-fr","22":"tag-france","23":"tag-girondins-de-bordeaux","24":"tag-italie","25":"tag-liga","26":"tag-ligue-1","27":"tag-ligue-2","28":"tag-ligue-des-champions","29":"tag-news","30":"tag-nouvelle-aquitaine","31":"tag-premier-league","32":"tag-republique-francaise","33":"tag-uefa"},"share_on_mastodon":{"url":"https:\/\/pubeurope.com\/@fr\/114370405000071207","error":""},"_links":{"self":[{"href":"https:\/\/www.europesays.com\/fr\/wp-json\/wp\/v2\/posts\/38923","targetHints":{"allow":["GET"]}}],"collection":[{"href":"https:\/\/www.europesays.com\/fr\/wp-json\/wp\/v2\/posts"}],"about":[{"href":"https:\/\/www.europesays.com\/fr\/wp-json\/wp\/v2\/types\/post"}],"author":[{"embeddable":true,"href":"https:\/\/www.europesays.com\/fr\/wp-json\/wp\/v2\/users\/2"}],"replies":[{"embeddable":true,"href":"https:\/\/www.europesays.com\/fr\/wp-json\/wp\/v2\/comments?post=38923"}],"version-history":[{"count":0,"href":"https:\/\/www.europesays.com\/fr\/wp-json\/wp\/v2\/posts\/38923\/revisions"}],"wp:featuredmedia":[{"embeddable":true,"href":"https:\/\/www.europesays.com\/fr\/wp-json\/wp\/v2\/media\/23468"}],"wp:attachment":[{"href":"https:\/\/www.europesays.com\/fr\/wp-json\/wp\/v2\/media?parent=38923"}],"wp:term":[{"taxonomy":"category","embeddable":true,"href":"https:\/\/www.europesays.com\/fr\/wp-json\/wp\/v2\/categories?post=38923"},{"taxonomy":"post_tag","embeddable":true,"href":"https:\/\/www.europesays.com\/fr\/wp-json\/wp\/v2\/tags?post=38923"}],"curies":[{"name":"wp","href":"https:\/\/api.w.org\/{rel}","templated":true}]}}