{"id":38924,"date":"2025-04-20T12:57:14","date_gmt":"2025-04-20T12:57:14","guid":{"rendered":"https:\/\/www.europesays.com\/fr\/38924\/"},"modified":"2025-04-20T12:57:14","modified_gmt":"2025-04-20T12:57:14","slug":"un-homme-entre-la-vie-et-la-mort","status":"publish","type":"post","link":"https:\/\/www.europesays.com\/fr\/38924\/","title":{"rendered":"un homme entre la vie et la mort"},"content":{"rendered":"<p>            Par<br \/>\n        <strong><br \/>\n            <a href=\"https:\/\/actu.fr\/auteur\/mareva-laville-actu-fr\" title=\"Consulter tous les articles de Mar\u00e9va Laville\" rel=\"nofollow noopener\" target=\"_blank\">Mar\u00e9va Laville<\/a><br \/>\n        <\/strong><\/p>\n<p>        Publi\u00e9 le<\/p>\n<p>            19 avr. 2025 \u00e0 12h24        <\/p>\n<p>Le choc a \u00e9t\u00e9 violent ce samedi 19\u00a0avril 2025. Ce matin, vers 9\u00a0heures, route de Gragnague \u00e0 <strong>Castelmaurou<\/strong>, \u00e0 l\u2019est de <a href=\"http:\/\/www.actu.fr\/toulouse\" rel=\"nofollow noopener\" target=\"_blank\">Toulouse<\/a>, une voiture a percut\u00e9 un platane. \u00c0 bord du v\u00e9hicule, trois jeunes hommes, \u00ab\u2009des militaires qui ne sont pas de chez nous\u2009\u00bb, pr\u00e9cise la compagnie de gendarmerie Toulouse Saint-Michel.<\/p>\n<p>    <a href=\"https:\/\/www.google.com\/maps\/embed?pb=!1m18!1m12!1m3!1d671342.0601441188!2d1.3727407711088078!3d43.62980609296212!2m3!1f0!2f0!3f0!3m2!1i1024!2i768!4f13.1!3m3!1m2!1s0x12ae9927a3e08d6f%3A0x4a520eb97ba65227!2sRte%20de%20Gragnague%2C%2031180%20Castelmaurou!5e1!3m2!1sfr!2sfr!4v1745057283288!5m2!1sfr!2sfr\" title=\"Ouvrie le lien\" rel=\"nofollow noopener\" target=\"_blank\">Cliquez ici pour visualiser le contenu<\/a><\/p>\n<p>L\u2019un des passagers, entre la vie et la mort<\/p>\n<p class=\" wall-content\">Le conducteur et le passager avant, \u00e2g\u00e9s de 25 et 28 ans, ont \u00e9t\u00e9 l\u00e9g\u00e8rement bless\u00e9s et transport\u00e9s \u00e0 la clinique de L\u2019Union et l\u2019h\u00f4pital de Purpan.<\/p>\n<p class=\" wall-content\">Mais celui qui se trouvait \u00e0 l\u2019arri\u00e8re, en revanche, a subi bien plus fortement la collision. \u00ab\u2009Sa ceinture ne devait pas \u00eatre attach\u00e9e\u2009\u00bb, estime la gendarmerie \u00e0 Actu Toulouse. L\u2019homme de 26 ans a \u00e9t\u00e9<strong> transport\u00e9 en urgence absolue \u00e0 l\u2019h\u00f4pital de Purpan.<\/strong> Son <strong>pronostic vital est engag\u00e9.<\/strong><\/p>\n<p>Pas d\u2019alcool ni de drogue au volant<\/p>\n<p class=\" wall-content\">La voiture a-t-elle gliss\u00e9 sur la route mouill\u00e9e par la pluie\u2009? Le conducteur s\u2019est-il endormi\u2009? La gendarmerie cherche \u00e0 conna\u00eetre les circonstances de cet accident.<\/p>\n<p>Vid\u00e9os : en ce moment sur Actu<\/p>\n<p class=\" wall-content\">L\u2019homme au volant a \u00e9t\u00e9 d\u00e9pist\u00e9 \u00e0 l\u2019alcool et aux stup\u00e9fiants. <strong>Les r\u00e9sultats sont n\u00e9gatifs.<\/strong> Quant \u00e0 la vitesse, \u00ab\u2009le compteur est rest\u00e9 bloqu\u00e9 \u00e0 une vitesse tout \u00e0 fait acceptable\u2009\u00bb, souligne la compagnie de gendarmerie Toulouse Saint-Michel.<\/p>\n<p class=\" wall-content\">Suivez toute l\u2019actualit\u00e9 de vos villes et m\u00e9dias favoris en vous inscrivant \u00e0 <a href=\"https:\/\/moncompte.actu.fr\" title=\"D\u00e9couvez Mon Actu\" rel=\"nofollow noopener\" data-trk=\"{&quot;cta&quot;:{&quot;action&quot;:&quot;https:\\\/\\\/moncompte.actu.fr&quot;,&quot;category&quot;:&quot;mon compte&quot;,&quot;from&quot;:&quot;article footer&quot;,&quot;name&quot;:&quot;Mon actu&quot;,&quot;type&quot;:&quot;cta&quot;}}\" target=\"_blank\">Mon Actu<\/a>.<\/p>\n","protected":false},"excerpt":{"rendered":"Par Mar\u00e9va Laville Publi\u00e9 le 19 avr. 2025 \u00e0 12h24 Le choc a \u00e9t\u00e9 violent ce samedi 19\u00a0avril&hellip;\n","protected":false},"author":2,"featured_media":38925,"comment_status":"","ping_status":"","sticky":false,"template":"","format":"standard","meta":{"footnotes":""},"categories":[2816],"tags":[119,1111,11,1777,674,118,1011,27,3381,12,2680,25,2312],"class_list":{"0":"post-38924","1":"post","2":"type-post","3":"status-publish","4":"format-standard","5":"has-post-thumbnail","7":"category-toulouse","8":"tag-accident","9":"tag-actu","10":"tag-actualites","11":"tag-eu","12":"tag-europe","13":"tag-faits-divers","14":"tag-fr","15":"tag-france","16":"tag-gendarmerie","17":"tag-news","18":"tag-occitanie","19":"tag-republique-francaise","20":"tag-toulouse"},"share_on_mastodon":{"url":"https:\/\/pubeurope.com\/@fr\/114370408820464784","error":""},"_links":{"self":[{"href":"https:\/\/www.europesays.com\/fr\/wp-json\/wp\/v2\/posts\/38924","targetHints":{"allow":["GET"]}}],"collection":[{"href":"https:\/\/www.europesays.com\/fr\/wp-json\/wp\/v2\/posts"}],"about":[{"href":"https:\/\/www.europesays.com\/fr\/wp-json\/wp\/v2\/types\/post"}],"author":[{"embeddable":true,"href":"https:\/\/www.europesays.com\/fr\/wp-json\/wp\/v2\/users\/2"}],"replies":[{"embeddable":true,"href":"https:\/\/www.europesays.com\/fr\/wp-json\/wp\/v2\/comments?post=38924"}],"version-history":[{"count":0,"href":"https:\/\/www.europesays.com\/fr\/wp-json\/wp\/v2\/posts\/38924\/revisions"}],"wp:featuredmedia":[{"embeddable":true,"href":"https:\/\/www.europesays.com\/fr\/wp-json\/wp\/v2\/media\/38925"}],"wp:attachment":[{"href":"https:\/\/www.europesays.com\/fr\/wp-json\/wp\/v2\/media?parent=38924"}],"wp:term":[{"taxonomy":"category","embeddable":true,"href":"https:\/\/www.europesays.com\/fr\/wp-json\/wp\/v2\/categories?post=38924"},{"taxonomy":"post_tag","embeddable":true,"href":"https:\/\/www.europesays.com\/fr\/wp-json\/wp\/v2\/tags?post=38924"}],"curies":[{"name":"wp","href":"https:\/\/api.w.org\/{rel}","templated":true}]}}