{"id":389240,"date":"2025-09-14T02:31:11","date_gmt":"2025-09-14T02:31:11","guid":{"rendered":"https:\/\/www.europesays.com\/fr\/389240\/"},"modified":"2025-09-14T02:31:11","modified_gmt":"2025-09-14T02:31:11","slug":"ironman-world-championship-comment-circuler-et-stationner-a-nice-ce-dimanche-2","status":"publish","type":"post","link":"https:\/\/www.europesays.com\/fr\/389240\/","title":{"rendered":"Ironman world championship: comment circuler et stationner \u00e0 Nice ce dimanche"},"content":{"rendered":"<p>La circulation va \u00eatre perturb\u00e9e ce dimanche 14 septembre 2025 \u00e0 l\u2019occasion de l\u2019Ironman world championship. De nombreuses restrictions de circulations vont s\u2019appliquer \u00e0 Nice. Il est notamment conseill\u00e9 de favoriser le tramway, la voie Mathis et l\u2019autoroute A8 pour traverser la ville.<\/p>\n<p>Routes ferm\u00e9es, itin\u00e9raires de substitution, parkings ouverts&#8230; on vous dit tout.<\/p>\n<p>La promenade des Anglais ferm\u00e9e \u00e0 la circulation<\/p>\n<p>La promenade des Anglais sera ferm\u00e9e \u00e0 la circulation entre l\u2019a\u00e9roport de Nice et le jardin Albert-Ier, jusqu\u2019au lundi 15 septembre \u00e0 5h.<\/p>\n<p>Tous les axes perpendiculaires donnant acc\u00e8s \u00e0 la Promenade des Anglais, entre l\u2019avenue des Grenouill\u00e8res et le boulevard Gambetta, sont mis en impasse (desserte riverains autoris\u00e9e par les voies int\u00e9rieures).<\/p>\n<p>Circulation interdite \u00e9galement entre le quai des \u00c9tats-Unis jusqu\u2019\u00e0 Rauba-Cape\u00f9 jusqu\u2019au lundi 15 septembre \u00e0 5h.<\/p>\n<p>Un acc\u00e8s limit\u00e9 au Vieux-Nice<\/p>\n<p>Jusqu\u2019\u00e0 ce lundi 5h, l\u2019acc\u00e8s au Vieux-Nice sera limit\u00e9 avec une entr\u00e9e et une sortie depuis le boulevard Jean-Jaur\u00e8s. La descente Crotti sera ouverte en permanence et une sortie par la descente Auguste-Escoffier sera \u00e9galement possible.<\/p>\n<p>L\u2019a\u00e9roport accessible par la voie sur berge ou par la M6007<\/p>\n<p>L\u2019acc\u00e8s \u00e0 l\u2019a\u00e9roport devra se faire uniquement par la M6007 ou par la voie sur berge M99 (digue des Fran\u00e7ais).<\/p>\n<p>La sortie 51 de l\u2019autoroute est conseill\u00e9e pour se rendre \u00e0 l\u2019a\u00e9roport.<\/p>\n<p>Des conditions modifi\u00e9es pour stationner dans les parkings<\/p>\n<p>Tous les parkings de la ville restent ouverts. Seuls ceux proche du parcours de la course subissent quelques modifications jusqu\u2019\u00e0 ce lundi \u00e0 5h.<\/p>\n<p>Le Rhul M\u00e9ridien: entr\u00e9e par l\u2019avenue de Su\u00e8de et sortie possible en permanence.<\/p>\n<p>Le Palais de la M\u00e9diterran\u00e9e: acc\u00e8s ferm\u00e9, sortie par la rue du Congr\u00e8s mise en double sens.<\/p>\n<p>Le Sulzer: acc\u00e8s ferm\u00e9, la sortie s\u2019effectuera par la rue Saint-Fran\u00e7ois-de-Paule.<\/p>\n<p>Le Palais Mass\u00e9na: acc\u00e8s et sortie par la promenade des Anglais ferm\u00e9s. L\u2019acc\u00e8s et la sortie se feront en sens altern\u00e9 par la rue de France.<\/p>\n<p>            Les restrictions autour de Cap3000:<\/p>\n<p>Le centre commercial de Saint-Laurent-du-Var restera ouvert toute la journ\u00e9e.<\/p>\n<p>Pour y acc\u00e9der depuis Cannes, il faudra prendre la sortie 47 \u2013 Villeneuve-Loubet \u2013, puis la Nationale 7 jusqu\u2019\u00e0 la gare de Saint-Laurent. Depuis Monaco, ce sera la sortie 52 \u2013 Saint-Isidore \u2013, puis les M202 et M6007 (pont Napol\u00e9on-III) jusqu\u2019\u00e0 la gare de Saint-Laurent.<\/p>\n<p>Enfin pour quitter Cap 3000, il est recommand\u00e9 d\u2019emprunter la d\u00e9viation via les avenues L\u00e9on-B\u00e9ranger, France d\u2019Outremer puis Fr\u00e9d\u00e9ric-Mistral pour rejoindre la M6007 en direction de l\u2019A8.<\/p>\n<p>L\u2019acc\u00e8s par la M95D restera ferm\u00e9.<\/p>\n","protected":false},"excerpt":{"rendered":"La circulation va \u00eatre perturb\u00e9e ce dimanche 14 septembre 2025 \u00e0 l\u2019occasion de l\u2019Ironman world championship. De nombreuses&hellip;\n","protected":false},"author":2,"featured_media":387818,"comment_status":"","ping_status":"","sticky":false,"template":"","format":"standard","meta":{"footnotes":""},"categories":[2819],"tags":[1111,11,11488,1777,674,1011,27,12,2401,882,25,60,3366],"class_list":{"0":"post-389240","1":"post","2":"type-post","3":"status-publish","4":"format-standard","5":"has-post-thumbnail","7":"category-nice","8":"tag-actu","9":"tag-actualites","10":"tag-course-pedestre","11":"tag-eu","12":"tag-europe","13":"tag-fr","14":"tag-france","15":"tag-news","16":"tag-nice","17":"tag-provence-alpes-cote-dazur","18":"tag-republique-francaise","19":"tag-sports","20":"tag-vie-locale"},"share_on_mastodon":{"url":"https:\/\/pubeurope.com\/@fr\/115200306887960035","error":""},"_links":{"self":[{"href":"https:\/\/www.europesays.com\/fr\/wp-json\/wp\/v2\/posts\/389240","targetHints":{"allow":["GET"]}}],"collection":[{"href":"https:\/\/www.europesays.com\/fr\/wp-json\/wp\/v2\/posts"}],"about":[{"href":"https:\/\/www.europesays.com\/fr\/wp-json\/wp\/v2\/types\/post"}],"author":[{"embeddable":true,"href":"https:\/\/www.europesays.com\/fr\/wp-json\/wp\/v2\/users\/2"}],"replies":[{"embeddable":true,"href":"https:\/\/www.europesays.com\/fr\/wp-json\/wp\/v2\/comments?post=389240"}],"version-history":[{"count":0,"href":"https:\/\/www.europesays.com\/fr\/wp-json\/wp\/v2\/posts\/389240\/revisions"}],"wp:featuredmedia":[{"embeddable":true,"href":"https:\/\/www.europesays.com\/fr\/wp-json\/wp\/v2\/media\/387818"}],"wp:attachment":[{"href":"https:\/\/www.europesays.com\/fr\/wp-json\/wp\/v2\/media?parent=389240"}],"wp:term":[{"taxonomy":"category","embeddable":true,"href":"https:\/\/www.europesays.com\/fr\/wp-json\/wp\/v2\/categories?post=389240"},{"taxonomy":"post_tag","embeddable":true,"href":"https:\/\/www.europesays.com\/fr\/wp-json\/wp\/v2\/tags?post=389240"}],"curies":[{"name":"wp","href":"https:\/\/api.w.org\/{rel}","templated":true}]}}