{"id":389246,"date":"2025-09-14T02:36:21","date_gmt":"2025-09-14T02:36:21","guid":{"rendered":"https:\/\/www.europesays.com\/fr\/389246\/"},"modified":"2025-09-14T02:36:21","modified_gmt":"2025-09-14T02:36:21","slug":"n2-resultats-et-classement-des-girondins","status":"publish","type":"post","link":"https:\/\/www.europesays.com\/fr\/389246\/","title":{"rendered":"N2 : r\u00e9sultats et classement des Girondins"},"content":{"rendered":"<p>\n    13\/09 &#8211; 20:19 | Par la r\u00e9daction | Il y a<br \/>\n    8 heures\n  <\/p>\n<p><strong>Fin de cette cinqui\u00e8me journ\u00e9e de la Poule A, celle des Girondins de Bordeaux. Justement, le club bordelais s&rsquo;est inclin\u00e9 face \u00e0 Saint-Malo (2-1), qui gagne son premier match de la saison, tout comme la r\u00e9serve du FC Lorient. D\u00e9couvrez le classement \u00e0 l&rsquo;issue de cette journ\u00e9e.<\/strong><\/p>\n<p><img decoding=\"async\" src=\"https:\/\/www.europesays.com\/fr\/wp-content\/uploads\/2025\/08\/671_2e65f97b36ab2a2bbab468868fd424f6.jpg\" alt=\"N2 : r\u00e9sultats et classement des Girondins\" class=\"img-responsive mt-3\"\/><\/p>\n<p class=\"text-center mb-3\" style=\"font-size: 14px\">\u00a9 Iconsport<\/p>\n<p>      <strong>National 2 : les r\u00e9sultats et celui des Girondins de Bordeaux<\/strong><\/p>\n<p>\u00a0<\/p>\n<p>Une nouvelle d\u00e9faite pour le FC Montlouis, qui reste le seul club du groupe \u00e0 ne pas avoir gagn\u00e9 un match. C&rsquo;est fait pour Lorient et Saint-Malo, vainqueurs de Granville et des Girondins. Dinan L\u00e9hon s&rsquo;impose aussi pour la premi\u00e8re fois \u00e0 Locmin\u00e9, dans les derni\u00e8res minutes de la rencontre.<\/p>\n<p>R\u00e9sultats :<\/p>\n<ul>\n<li>Angoul\u00eame Charente FC <strong>1-2<\/strong> US Avranches<\/li>\n<li>Vend\u00e9e Foot Club RY <strong>1-0<\/strong> Aviron Bayonnais \u00e0 19h<\/li>\n<li>Stade Poitevin FC <strong>1-1<\/strong> Les Herbiers \u00e0 20h<\/li>\n<li>Olympique Saumur FC <strong>0-2<\/strong> Voltigeurs Ch\u00e2teaubriant<\/li>\n<li><a href=\"https:\/\/www.webgirondins.com\/actualite-girondins-saint-malo-bordeaux-sur-quelle-chaine-et-comment-regarder-le-match-130382https:\/\/www.webgirondins.com\/actualite-girondins-n2-les-girondins-craquent-a-saint-malo-la-defaite-de-trop-130417\" target=\"_blank\" rel=\"noopener nofollow\">US Saint-Malo <strong>2-1<\/strong> <strong>FC Girondins de Bordeaux<\/strong><\/a><\/li>\n<li>Chauray FC <strong>2-1<\/strong> FC Montlouis<\/li>\n<li>Saint-Colomban Locmin\u00e9 <strong>0-1<\/strong> Dinan L\u00e9hon FC<\/li>\n<li>US Granville<strong> 1-2<\/strong> Lorient II<\/li>\n<\/ul>\n<p>&gt;&gt; <strong><a href=\"https:\/\/www.webgirondins.com\/classement-girondins-national-2\" target=\"_blank\" rel=\"noopener nofollow\">Voir le classement de National 2<\/a><\/strong><\/p>\n<p>\u00a0<\/p>\n<p>\u00c0 lire &gt;&gt; <strong><a href=\"https:\/\/www.webgirondins.com\/actualite-girondins-girondins-ces-deux-joueurs-qui-depassent-le-salary-cap-de-5000-130378\" target=\"_blank\" rel=\"noopener nofollow\">Ces deux joueurs qui d\u00e9passent le salary cap de 5000\u20ac<\/a><\/strong><\/p>\n<p>\u00a0<\/p>\n<p>  COMMENTAIRES<br \/>\n  ()<\/p>\n","protected":false},"excerpt":{"rendered":"13\/09 &#8211; 20:19 | Par la r\u00e9daction | Il y a 8 heures Fin de cette cinqui\u00e8me journ\u00e9e&hellip;\n","protected":false},"author":2,"featured_media":311389,"comment_status":"","ping_status":"","sticky":false,"template":"","format":"standard","meta":{"footnotes":""},"categories":[2817],"tags":[1111,11,1997,6950,23392,3477,19700,1981,5244,1777,674,2823,1011,27,8296,1987,12143,3465,52155,6073,955,12,2219,4789,7910,25,1980,3213,3242,3585],"class_list":{"0":"post-389246","1":"post","2":"type-post","3":"status-publish","4":"format-standard","5":"has-post-thumbnail","7":"category-bordeaux","8":"tag-actu","9":"tag-actualites","10":"tag-bordeaux","11":"tag-bordelais","12":"tag-celle","13":"tag-cette","14":"tag-cinquieme","15":"tag-classement","16":"tag-club","17":"tag-eu","18":"tag-europe","19":"tag-face","20":"tag-fr","21":"tag-france","22":"tag-gagne","23":"tag-girondins","24":"tag-incline","25":"tag-journee","26":"tag-justement","27":"tag-malo","28":"tag-match","29":"tag-news","30":"tag-nouvelle-aquitaine","31":"tag-poule","32":"tag-premier","33":"tag-republique-francaise","34":"tag-resultats","35":"tag-saint","36":"tag-saison","37":"tag-tout"},"share_on_mastodon":{"url":"https:\/\/pubeurope.com\/@fr\/115200326700540503","error":""},"_links":{"self":[{"href":"https:\/\/www.europesays.com\/fr\/wp-json\/wp\/v2\/posts\/389246","targetHints":{"allow":["GET"]}}],"collection":[{"href":"https:\/\/www.europesays.com\/fr\/wp-json\/wp\/v2\/posts"}],"about":[{"href":"https:\/\/www.europesays.com\/fr\/wp-json\/wp\/v2\/types\/post"}],"author":[{"embeddable":true,"href":"https:\/\/www.europesays.com\/fr\/wp-json\/wp\/v2\/users\/2"}],"replies":[{"embeddable":true,"href":"https:\/\/www.europesays.com\/fr\/wp-json\/wp\/v2\/comments?post=389246"}],"version-history":[{"count":0,"href":"https:\/\/www.europesays.com\/fr\/wp-json\/wp\/v2\/posts\/389246\/revisions"}],"wp:featuredmedia":[{"embeddable":true,"href":"https:\/\/www.europesays.com\/fr\/wp-json\/wp\/v2\/media\/311389"}],"wp:attachment":[{"href":"https:\/\/www.europesays.com\/fr\/wp-json\/wp\/v2\/media?parent=389246"}],"wp:term":[{"taxonomy":"category","embeddable":true,"href":"https:\/\/www.europesays.com\/fr\/wp-json\/wp\/v2\/categories?post=389246"},{"taxonomy":"post_tag","embeddable":true,"href":"https:\/\/www.europesays.com\/fr\/wp-json\/wp\/v2\/tags?post=389246"}],"curies":[{"name":"wp","href":"https:\/\/api.w.org\/{rel}","templated":true}]}}