{"id":389253,"date":"2025-09-14T02:42:16","date_gmt":"2025-09-14T02:42:16","guid":{"rendered":"https:\/\/www.europesays.com\/fr\/389253\/"},"modified":"2025-09-14T02:42:16","modified_gmt":"2025-09-14T02:42:16","slug":"la-precarite-sinstalle-pour-les-etudiants-alerte-le-secours-populaire","status":"publish","type":"post","link":"https:\/\/www.europesays.com\/fr\/389253\/","title":{"rendered":"\u00ab\u00a0La pr\u00e9carit\u00e9 s&rsquo;installe\u00a0\u00bb pour les \u00e9tudiants alerte le Secours populaire"},"content":{"rendered":"<p>Il y a des rentr\u00e9es qu\u2019on ne pr\u00e9f\u00e9rerait pas revivre, aussi n\u00e9cessaires soient-elles. La reprise des tourn\u00e9es du <a href=\"https:\/\/www.laprovence.com\/article\/region\/1229898834567215\/avec-deux-camions-electriques-le-secours-populaire-entame-sa-mue-ecologique-a-marseille\" target=\"_blank\" rel=\"noopener\">Solidar\u2019bus<\/a> du <a href=\"https:\/\/www.laprovence.com\/article\/region\/2102612999685315\/maraude-dans-les-rues-de-marseille-il-y-a-tellement-de-demandes-on-doit-prioriser-la-misere\" target=\"_blank\" rel=\"noopener\">Secours populaire<\/a>, devant les <a href=\"https:\/\/www.laprovence.com\/article\/societe\/1129717759767115\/aix-marseille-universite-nous-engageons-100000-e-par-an-pour-soutenir-laide-alimentaire-des-etudiants\" target=\"_blank\" rel=\"noopener\">facult\u00e9s d\u2019Aix-Marseille<\/a>, en fait partie pour les dizaines de b\u00e9n\u00e9voles de l\u2019organisation. \u00ab\u00a0On ne sait d\u00e9j\u00e0 plus o\u00f9 donner de la t\u00eate, c\u2019est terrifiant\u00a0\u00bb, reconna\u00eet Farida Benchaa, secr\u00e9taire g\u00e9n\u00e9rale du <a href=\"https:\/\/www.laprovence.com\/article\/region\/53934234952320\/hate-de-voir-la-tour-eiffel-en-vrai-cap-sur-paris-pour-les-oublies-des-vacances-des-bouches-du-rhone-avec-le-secours-populaire\" target=\"_blank\" rel=\"noopener\">Secours populaire<\/a> dans le d\u00e9partement des Bouches-du-Rh\u00f4ne.<\/p>\n<p>Apr\u00e8s la longue pause estivale, les distributions alimentaires devant le campus de la Timone (5e) ont donc repris ce jeudi 11 septembre au soir. Les colis alimentaires n\u2019\u00e9taient pas encore tous sortis du camion, qu\u2019une soixantaine de personnes, de <a href=\"https:\/\/www.laprovence.com\/article\/societe\/112325349801115\/precarite-etudiante-repas-sautes-tabou-solidarite-la-nouvelle-lutte-des-classes\" target=\"_blank\" rel=\"noopener\">jeunes \u00e9tudiants<\/a>, attendaient d\u00e9j\u00e0 en formant une tr\u00e8s longue file devant les grilles de la facult\u00e9. \u00ab\u00a0Nous sommes le 11 du mois, c\u2019est tout juste la reprise, et ils sont autant voire plus nombreux que pendant le Covid qui \u00e9tait quand m\u00eame une p\u00e9riode tr\u00e8s particuli\u00e8re\u00a0\u00bb, constate Farida Benchaa.<\/p>\n<p>Dans le Solidar\u2019bus, avec de g\u00e9n\u00e9reux dons re\u00e7us le matin m\u00eame, il y a de quoi faire 60 colis remplis de farine, de riz, de lait, de jus, de plats cuisin\u00e9s, de produits d\u2019hygi\u00e8ne, de fruits et l\u00e9gumes. \u00ab\u00a0Avec cette file, les premiers aur&#8230;<\/p>\n","protected":false},"excerpt":{"rendered":"Il y a des rentr\u00e9es qu\u2019on ne pr\u00e9f\u00e9rerait pas revivre, aussi n\u00e9cessaires soient-elles. La reprise des tourn\u00e9es du&hellip;\n","protected":false},"author":2,"featured_media":389254,"comment_status":"","ping_status":"","sticky":false,"template":"","format":"standard","meta":{"footnotes":""},"categories":[2814],"tags":[17,1111,11,6379,1777,674,1011,27,4743,151,884,12,471,10181,882,16,25,15804],"class_list":{"0":"post-389253","1":"post","2":"type-post","3":"status-publish","4":"format-standard","5":"has-post-thumbnail","7":"category-marseille","8":"tag-17","9":"tag-actu","10":"tag-actualites","11":"tag-etudiants","12":"tag-eu","13":"tag-europe","14":"tag-fr","15":"tag-france","16":"tag-la","17":"tag-les","18":"tag-marseille","19":"tag-news","20":"tag-pour","21":"tag-precarite","22":"tag-provence-alpes-cote-dazur","23":"tag-region","24":"tag-republique-francaise","25":"tag-sinstalle"},"share_on_mastodon":{"url":"https:\/\/pubeurope.com\/@fr\/115200350228072852","error":""},"_links":{"self":[{"href":"https:\/\/www.europesays.com\/fr\/wp-json\/wp\/v2\/posts\/389253","targetHints":{"allow":["GET"]}}],"collection":[{"href":"https:\/\/www.europesays.com\/fr\/wp-json\/wp\/v2\/posts"}],"about":[{"href":"https:\/\/www.europesays.com\/fr\/wp-json\/wp\/v2\/types\/post"}],"author":[{"embeddable":true,"href":"https:\/\/www.europesays.com\/fr\/wp-json\/wp\/v2\/users\/2"}],"replies":[{"embeddable":true,"href":"https:\/\/www.europesays.com\/fr\/wp-json\/wp\/v2\/comments?post=389253"}],"version-history":[{"count":0,"href":"https:\/\/www.europesays.com\/fr\/wp-json\/wp\/v2\/posts\/389253\/revisions"}],"wp:featuredmedia":[{"embeddable":true,"href":"https:\/\/www.europesays.com\/fr\/wp-json\/wp\/v2\/media\/389254"}],"wp:attachment":[{"href":"https:\/\/www.europesays.com\/fr\/wp-json\/wp\/v2\/media?parent=389253"}],"wp:term":[{"taxonomy":"category","embeddable":true,"href":"https:\/\/www.europesays.com\/fr\/wp-json\/wp\/v2\/categories?post=389253"},{"taxonomy":"post_tag","embeddable":true,"href":"https:\/\/www.europesays.com\/fr\/wp-json\/wp\/v2\/tags?post=389253"}],"curies":[{"name":"wp","href":"https:\/\/api.w.org\/{rel}","templated":true}]}}