{"id":389255,"date":"2025-09-14T02:43:13","date_gmt":"2025-09-14T02:43:13","guid":{"rendered":"https:\/\/www.europesays.com\/fr\/389255\/"},"modified":"2025-09-14T02:43:13","modified_gmt":"2025-09-14T02:43:13","slug":"a-marseille-martine-vassal-se-lance-sans-surprise-dans-la-bataille-des-municipales","status":"publish","type":"post","link":"https:\/\/www.europesays.com\/fr\/389255\/","title":{"rendered":"\u00c0 Marseille, Martine Vassal se lance (sans surprise) dans la bataille des Municipales"},"content":{"rendered":"<p>Attendue depuis de longues semaines, la candidature de la pr\u00e9sidente de la M\u00e9tropole Aix-Marseille Provence et du D\u00e9partement des Bouches-du-Rh\u00f4ne est d\u00e9sormais officielle. Marquant, sans doute, le vrai d\u00e9but de <a href=\"https:\/\/www.latribune.fr\/la-tribune-dimanche\/opinions\/elections-municipales-2026-tours-eparpillee-facon-puzzle-1031961.html\" target=\"_blank\" rel=\"nofollow noopener\">campagne \u00e9lectorale<\/a>.<\/p>\n<p>Quel meilleur cadre que celui des universit\u00e9s d&rsquo;\u00e9t\u00e9 de la droite et du centre qui se tenaient ce samedi de septembre pour dire que oui, elle sera bien t\u00eate de liste en mars prochain. En officialisant sa candidature pour les Municipales \u00e0 Marseille, <a href=\"https:\/\/www.latribune.fr\/la-tribune-dimanche\/opinions\/opinion-loi-plm-rien-n-est-pret-par-renaud-muselier-president-de-la-region-paca-renaissance-et-martine-vassal-presidente-de-la-metropole-aix-marseille-provence-dvd-1017940.html\" target=\"_blank\" rel=\"nofollow noopener\">Martine Vassal<\/a> (DVD) met \u00e0 la fois fin \u00e0 un suspens &#8211; ou plut\u00f4t un secret de polichinelle &#8211; et lance, v\u00e9ritablement, la campagne \u00e9lectorale.<\/p>\n<p>Cette candidature n&rsquo;est, en effet, pas une surprise. Depuis de longs mois maintenant, celle qui pr\u00e9side la M\u00e9tropole Aix-Marseille Provence et le D\u00e9partement des Bouches-du-Rh\u00f4ne ne cache pas sa volont\u00e9 d&rsquo;en d\u00e9coudre, \u00e0 nouveau, face \u00e0 <a href=\"https:\/\/www.latribune.fr\/economie\/politique\/benoit-payan-marseille-est-l-avenir-du-pays-996916.html\" target=\"_blank\" rel=\"nofollow noopener\">Beno\u00eet Payan<\/a>. Il y a cinq ans, l&rsquo;actuel maire de Marseille s&rsquo;\u00e9tait effac\u00e9 pour laisser Mich\u00e8le Rubirola \u00eatre t\u00eate de liste. Avec la suite que l&rsquo;on conna\u00eet\u00a0: une Mich\u00e8le Rubirola \u00e9lue mais d\u00e9missionnaire neuf mois plus tard, laissant l&rsquo;\u00e9charpe tricolore \u00e0 Beno\u00eet Payan.<\/p>\n","protected":false},"excerpt":{"rendered":"Attendue depuis de longues semaines, la candidature de la pr\u00e9sidente de la M\u00e9tropole Aix-Marseille Provence et du D\u00e9partement&hellip;\n","protected":false},"author":2,"featured_media":389256,"comment_status":"","ping_status":"","sticky":false,"template":"","format":"standard","meta":{"footnotes":""},"categories":[2814],"tags":[17,1111,11,1446,1777,674,1011,27,3102,9447,884,10203,12,882,25,4561,10540,14243],"class_list":{"0":"post-389255","1":"post","2":"type-post","3":"status-publish","4":"format-standard","5":"has-post-thumbnail","7":"category-marseille","8":"tag-17","9":"tag-actu","10":"tag-actualites","11":"tag-dans","12":"tag-eu","13":"tag-europe","14":"tag-fr","15":"tag-france","16":"tag-la-tribune-dimanche","17":"tag-lance","18":"tag-marseille","19":"tag-martine","20":"tag-news","21":"tag-provence-alpes-cote-dazur","22":"tag-republique-francaise","23":"tag-sans","24":"tag-surprise","25":"tag-vassal"},"share_on_mastodon":{"url":"https:\/\/pubeurope.com\/@fr\/115200354124700252","error":""},"_links":{"self":[{"href":"https:\/\/www.europesays.com\/fr\/wp-json\/wp\/v2\/posts\/389255","targetHints":{"allow":["GET"]}}],"collection":[{"href":"https:\/\/www.europesays.com\/fr\/wp-json\/wp\/v2\/posts"}],"about":[{"href":"https:\/\/www.europesays.com\/fr\/wp-json\/wp\/v2\/types\/post"}],"author":[{"embeddable":true,"href":"https:\/\/www.europesays.com\/fr\/wp-json\/wp\/v2\/users\/2"}],"replies":[{"embeddable":true,"href":"https:\/\/www.europesays.com\/fr\/wp-json\/wp\/v2\/comments?post=389255"}],"version-history":[{"count":0,"href":"https:\/\/www.europesays.com\/fr\/wp-json\/wp\/v2\/posts\/389255\/revisions"}],"wp:featuredmedia":[{"embeddable":true,"href":"https:\/\/www.europesays.com\/fr\/wp-json\/wp\/v2\/media\/389256"}],"wp:attachment":[{"href":"https:\/\/www.europesays.com\/fr\/wp-json\/wp\/v2\/media?parent=389255"}],"wp:term":[{"taxonomy":"category","embeddable":true,"href":"https:\/\/www.europesays.com\/fr\/wp-json\/wp\/v2\/categories?post=389255"},{"taxonomy":"post_tag","embeddable":true,"href":"https:\/\/www.europesays.com\/fr\/wp-json\/wp\/v2\/tags?post=389255"}],"curies":[{"name":"wp","href":"https:\/\/api.w.org\/{rel}","templated":true}]}}