{"id":389259,"date":"2025-09-14T02:45:15","date_gmt":"2025-09-14T02:45:15","guid":{"rendered":"https:\/\/www.europesays.com\/fr\/389259\/"},"modified":"2025-09-14T02:45:15","modified_gmt":"2025-09-14T02:45:15","slug":"un-jeune-de-19-ans-mis-en-examen-et-ecroue-2","status":"publish","type":"post","link":"https:\/\/www.europesays.com\/fr\/389259\/","title":{"rendered":"un jeune de 19 ans mis en examen et \u00e9crou\u00e9"},"content":{"rendered":"<p>Un jeune de 19 ans, qui s\u2019\u00e9tait rendu \u00e0 la police au lendemain de tirs mortels en plein Lyon, a \u00e9t\u00e9 mis en examen pour <a href=\"https:\/\/www.20minutes.fr\/dossier\/assassinat\" class=\"c-link c-link--is-underlined\" target=\"_blank\" rel=\"noopener\">assassinat<\/a> samedi et \u00e9crou\u00e9, a indiqu\u00e9 \u00e0 l\u2019AFP un de ses avocats. Les tirs avaient touch\u00e9 un homme de 22 ans mercredi apr\u00e8s-midi dans le centre-ville de <a href=\"https:\/\/www.20minutes.fr\/lyon\/\" class=\"c-link c-link--is-underlined\" target=\"_blank\" rel=\"noopener\">Lyon<\/a>, o\u00f9 \u00e9tait pourtant d\u00e9ploy\u00e9 un important dispositif policier pour encadrer le mouvement \u00ab\u00a0Bloquons tout\u00a0\u00bb.<\/p>\n<p>Il a \u00ab\u00a0agi seul, sans pr\u00e9m\u00e9ditation\u00a0\u00bb<\/p>\n<p>Hospitalis\u00e9e en arr\u00eat cardio-respiratoire, la victime \u00e9tait d\u00e9c\u00e9d\u00e9e dans la nuit. Le lendemain matin, le jeune homme s\u2019\u00e9tait pr\u00e9sent\u00e9 au commissariat de <a href=\"https:\/\/www.20minutes.fr\/dossier\/villeurbanne\" class=\"c-link c-link--is-underlined\" target=\"_blank\" rel=\"noopener\">Villeurbanne<\/a> et avait \u00e9t\u00e9 plac\u00e9 en <a href=\"https:\/\/www.20minutes.fr\/dossier\/garde_a_vue\" class=\"c-link c-link--is-underlined\" target=\"_blank\" rel=\"noopener\">garde \u00e0 vue<\/a>. Samedi, il a \u00e9t\u00e9 pr\u00e9sent\u00e9 \u00e0 une juge d\u2019instruction qui l\u2019a mis en examen pour assassinat et \u00ab\u00a0d\u00e9tention et port d\u2019une arme\u00a0\u00bb interdite, a pr\u00e9cis\u00e9 son avocat Me Jean-Christophe Basson-Larbi.<\/p>\n<p>\u00ab\u00a0Notre client regrette son geste\u00a0\u00bb<\/p>\n<p>\u00ab\u00a0Notre client, qui reconna\u00eet sa responsabilit\u00e9, regrette son geste et les blessures mortelles occasionn\u00e9es \u00e0 la victime\u00a0\u00bb, soulignent dans un communiqu\u00e9 Me Basson-Larbi et son confr\u00e8re Me Joshua Kafil. Il a \u00ab\u00a0agi seul, sans pr\u00e9m\u00e9ditation et sans volont\u00e9 de donner la mort\u00a0\u00bb \u00e0 la victime qui \u00ab\u00a0avait fait de sa vie un v\u00e9ritable enfer\u00a0\u00bb depuis mai, affirment-ils.<\/p>\n<\/p>\n<p>Selon eux, le d\u00e9funt avait accus\u00e9 \u00ab\u00a0\u00e0 tort\u00a0\u00bb leur client \u00ab\u00a0d\u2019un vol de scooter\u00a0\u00bb, le contraignant \u00ab\u00a0\u00e0 reconna\u00eetre qu\u2019il \u00e9tait son d\u00e9biteur et \u00e0 payer une dette imaginaire\u00a0\u00bb. Le jeune homme \u00ab\u00a0subissait la pression du d\u00e9funt et les menaces de tuer ses proches\u00a0\u00bb si la dette n\u2019\u00e9tait pas acquitt\u00e9e, assurent-ils.<\/p>\n","protected":false},"excerpt":{"rendered":"Un jeune de 19 ans, qui s\u2019\u00e9tait rendu \u00e0 la police au lendemain de tirs mortels en plein&hellip;\n","protected":false},"author":2,"featured_media":389260,"comment_status":"","ping_status":"","sticky":false,"template":"","format":"standard","meta":{"footnotes":""},"categories":[1889],"tags":[1111,47,11,2430,1777,674,118,1011,27,7774,2428,10234,12,1072,25,2429,2431,809],"class_list":{"0":"post-389259","1":"post","2":"type-post","3":"status-publish","4":"format-standard","5":"has-post-thumbnail","7":"category-lyon","8":"tag-actu","9":"tag-actualite","10":"tag-actualites","11":"tag-auvergne-rhone-alpes","12":"tag-eu","13":"tag-europe","14":"tag-faits-divers","15":"tag-fr","16":"tag-france","17":"tag-garde-a-vue","18":"tag-lyon","19":"tag-mobilisation","20":"tag-news","21":"tag-police","22":"tag-republique-francaise","23":"tag-rhone","24":"tag-rhone-alpes","25":"tag-violence"},"share_on_mastodon":{"url":"https:\/\/pubeurope.com\/@fr\/115200362131408281","error":""},"_links":{"self":[{"href":"https:\/\/www.europesays.com\/fr\/wp-json\/wp\/v2\/posts\/389259","targetHints":{"allow":["GET"]}}],"collection":[{"href":"https:\/\/www.europesays.com\/fr\/wp-json\/wp\/v2\/posts"}],"about":[{"href":"https:\/\/www.europesays.com\/fr\/wp-json\/wp\/v2\/types\/post"}],"author":[{"embeddable":true,"href":"https:\/\/www.europesays.com\/fr\/wp-json\/wp\/v2\/users\/2"}],"replies":[{"embeddable":true,"href":"https:\/\/www.europesays.com\/fr\/wp-json\/wp\/v2\/comments?post=389259"}],"version-history":[{"count":0,"href":"https:\/\/www.europesays.com\/fr\/wp-json\/wp\/v2\/posts\/389259\/revisions"}],"wp:featuredmedia":[{"embeddable":true,"href":"https:\/\/www.europesays.com\/fr\/wp-json\/wp\/v2\/media\/389260"}],"wp:attachment":[{"href":"https:\/\/www.europesays.com\/fr\/wp-json\/wp\/v2\/media?parent=389259"}],"wp:term":[{"taxonomy":"category","embeddable":true,"href":"https:\/\/www.europesays.com\/fr\/wp-json\/wp\/v2\/categories?post=389259"},{"taxonomy":"post_tag","embeddable":true,"href":"https:\/\/www.europesays.com\/fr\/wp-json\/wp\/v2\/tags?post=389259"}],"curies":[{"name":"wp","href":"https:\/\/api.w.org\/{rel}","templated":true}]}}