{"id":389261,"date":"2025-09-14T02:46:14","date_gmt":"2025-09-14T02:46:14","guid":{"rendered":"https:\/\/www.europesays.com\/fr\/389261\/"},"modified":"2025-09-14T02:46:14","modified_gmt":"2025-09-14T02:46:14","slug":"immobilier-ile-de-france-milly-la-foret-seduit-les-parisiens","status":"publish","type":"post","link":"https:\/\/www.europesays.com\/fr\/389261\/","title":{"rendered":"Immobilier \u00cele-de-France : Milly-la-For\u00eat s\u00e9duit les Parisiens"},"content":{"rendered":"<p class=\"post-excerpt\">Situ\u00e9e \u00e0 seulement 55 kilom\u00e8tres de Paris, une ville s\u00e9duit de plus en plus de Parisiens en qu\u00eate de verdure et de prix attractifs. C\u2019est un compromis id\u00e9al entre d\u00e9paysement, patrimoine et accessibilit\u00e9.<\/p>\n<p>Fuir le bruit et le bouillonnement parisien, sans \u00eatre loin de la capitale : tel est le r\u00eave <a href=\"https:\/\/www.aufeminin.com\/societe\/news-societe\/voisins-parisiens-achetent-maison-commune-pour-quartier-a-600-000-euros-2648498.html\" target=\"_blank\" rel=\"noopener\">de nombreux Parisiens<\/a>. Une petite commune d\u2019\u00cele-de-France au style authentique et aux prix abordables les int\u00e9resse de plus en plus. <a href=\"https:\/\/immobilier.lefigaro.fr\/acheter\/actualites-de-la-recherche-immobiliere\/3192-escalade-maison\/\" rel=\"nofollow  noopener\" target=\"_blank\">Selon le Figaro Immobilier<\/a>,<strong> cette commune pr\u00e9serv\u00e9e attire autant les familles parisiennes que des acheteurs \u00e9trangers.<\/strong><\/p>\n<p><strong>Les raisons ? Un acc\u00e8s rapide \u00e0 la capitale et \u00e0 l\u2019a\u00e9roport d\u2019Orly et un cadre de vie champ\u00eatre.\u00a0<\/strong>Mais ce n\u00a0\u00bbest pas tout ! <a href=\"https:\/\/www.aufeminin.com\/news-societe\/voici-combien-vous-pouvez-acheter-en-france-pour-le-prix-d-un-petit-studio-parisien-de-25m2-s4073758.html\" target=\"_blank\" rel=\"noopener\">Le prix au m\u00b2 bien plus accessible<\/a> que dans les communes voisines comme Fontainebleau ou Barbizon. Savez-vous de quelle commune il s\u2019agit ? <\/p>\n<p> Une petite ville o\u00f9 il fait bon vivre <\/p>\n<p><strong>Il s\u2019agit de Milly-la-For\u00eat\u00a0 ! Avec ses 4 582 habitants, cette ville\u00a0 poss\u00e8de un centre-ville bucolique et un joli patrimoine culturel.<\/strong> On y d\u00e9couvre <strong>la maison de Jean Cocteau, la chapelle Saint-Blaise des Simples d\u00e9cor\u00e9e par l\u2019artiste, et une ambiance de village pr\u00e9serv\u00e9e<\/strong>. Les amateurs de nature appr\u00e9cient la <strong>proximit\u00e9 de la for\u00eat de Fontainebleau et du massif des Trois Pignons, paradis des grimpeurs.<\/strong><\/p>\n<p>\u00ab\u00a0Il y a 4,1 % de r\u00e9sidences secondaires sur cette zone contre 1,5 % dans le reste du d\u00e9partement\u00a0\u00bb, explique Marie-Ange Le Dorner, conseill\u00e8re immobili\u00e8re IAD<a href=\"https:\/\/immobilier.lefigaro.fr\/acheter\/actualites-de-la-recherche-immobiliere\/3192-escalade-maison\/\" rel=\"nofollow  noopener\" target=\"_blank\"> cit\u00e9e par Le Figaro Immobilier<\/a>. Selon elle, cette attractivit\u00e9 repose sur un cocktail gagnant : patrimoine, balades, escalade et d\u00e9paysement complet \u00e0 moins d\u2019une heure de Paris.<\/p>\n<p> <img loading=\"lazy\" decoding=\"async\" aria-describedby=\"caption-attachment-2657943\" itemprop=\"thumbnailUrl\" class=\"size-large wp-image-2657943 img-responsive  pinit-here\" src=\"https:\/\/www.europesays.com\/fr\/wp-content\/uploads\/2025\/09\/cocteau-1024x683.jpg\" alt=\"\" width=\"1024\" height=\"683\" data-pin-media=\"https:\/\/sf2.afcdn.com\/wp-content\/uploads\/aufeminin\/2025\/09\/cocteau-736x491.jpg\"\/> \u00a9  Shutterstock<\/p>\n<p id=\"caption-attachment-2657943\" class=\"wp-caption-text\">Chapelle Saint-Blaise des Simples<\/p>\n<p>    Des prix plus doux que dans les villes voisines <\/p>\n<p>Outre son charme, Milly-la-For\u00eat convainc aussi par ses prix. D\u2019apr\u00e8s les donn\u00e9es du Figaro Immobilier,<strong> le prix m\u00e9dian y avoisine 2 747 \u20ac\/m\u00b2 (ao\u00fbt 2025), contre 4 353 \u20ac\/m\u00b2 \u00e0 Fontainebleau.<\/strong> Un \u00e9cart significatif qui attire les acheteurs. \u00ab\u00a0La demande est forte mais l\u2019offre reste limit\u00e9e, car beaucoup de maisons sont transmises de g\u00e9n\u00e9ration en g\u00e9n\u00e9ration\u00a0\u00bb, precise cependant la conseill\u00e8re.<\/p>\n<p><strong>Les biens les plus pris\u00e9s ? Les maisons en pierre avec poutres apparentes et jardin.<\/strong> Exemple : une demeure de 160 m\u00b2 avec 650 m\u00b2 de terrain, propos\u00e9e \u00e0 378 000 \u20ac. Un cadre idyllique pour une r\u00e9sidence secondaire, ou pour s\u2019offrir un pied-\u00e0-terre verdoyant \u00e0 proximit\u00e9 imm\u00e9diate de Paris.<\/p>\n","protected":false},"excerpt":{"rendered":"Situ\u00e9e \u00e0 seulement 55 kilom\u00e8tres de Paris, une ville s\u00e9duit de plus en plus de Parisiens en qu\u00eate&hellip;\n","protected":false},"author":2,"featured_media":389262,"comment_status":"","ping_status":"","sticky":false,"template":"","format":"standard","meta":{"footnotes":""},"categories":[1592],"tags":[52156,5189,1111,11,1777,674,1011,27,662,12,626,8857,25],"class_list":{"0":"post-389261","1":"post","2":"type-post","3":"status-publish","4":"format-standard","5":"has-post-thumbnail","7":"category-ile-de-france","8":"tag-achat-dune-maison","9":"tag-achat-immobilier","10":"tag-actu","11":"tag-actualites","12":"tag-eu","13":"tag-europe","14":"tag-fr","15":"tag-france","16":"tag-ile-de-france","17":"tag-news","18":"tag-paris","19":"tag-region-parisienne","20":"tag-republique-francaise"},"share_on_mastodon":{"url":"https:\/\/pubeurope.com\/@fr\/115200365906954979","error":""},"_links":{"self":[{"href":"https:\/\/www.europesays.com\/fr\/wp-json\/wp\/v2\/posts\/389261","targetHints":{"allow":["GET"]}}],"collection":[{"href":"https:\/\/www.europesays.com\/fr\/wp-json\/wp\/v2\/posts"}],"about":[{"href":"https:\/\/www.europesays.com\/fr\/wp-json\/wp\/v2\/types\/post"}],"author":[{"embeddable":true,"href":"https:\/\/www.europesays.com\/fr\/wp-json\/wp\/v2\/users\/2"}],"replies":[{"embeddable":true,"href":"https:\/\/www.europesays.com\/fr\/wp-json\/wp\/v2\/comments?post=389261"}],"version-history":[{"count":0,"href":"https:\/\/www.europesays.com\/fr\/wp-json\/wp\/v2\/posts\/389261\/revisions"}],"wp:featuredmedia":[{"embeddable":true,"href":"https:\/\/www.europesays.com\/fr\/wp-json\/wp\/v2\/media\/389262"}],"wp:attachment":[{"href":"https:\/\/www.europesays.com\/fr\/wp-json\/wp\/v2\/media?parent=389261"}],"wp:term":[{"taxonomy":"category","embeddable":true,"href":"https:\/\/www.europesays.com\/fr\/wp-json\/wp\/v2\/categories?post=389261"},{"taxonomy":"post_tag","embeddable":true,"href":"https:\/\/www.europesays.com\/fr\/wp-json\/wp\/v2\/tags?post=389261"}],"curies":[{"name":"wp","href":"https:\/\/api.w.org\/{rel}","templated":true}]}}