{"id":389269,"date":"2025-09-14T02:51:23","date_gmt":"2025-09-14T02:51:23","guid":{"rendered":"https:\/\/www.europesays.com\/fr\/389269\/"},"modified":"2025-09-14T02:51:23","modified_gmt":"2025-09-14T02:51:23","slug":"paris-major-troisieme-finale-consecutive-pour-tapia-et-coello-qui-renversent-lebron-stupaczuck","status":"publish","type":"post","link":"https:\/\/www.europesays.com\/fr\/389269\/","title":{"rendered":"Paris Major \u2013 Troisi\u00e8me finale cons\u00e9cutive pour Tapia et Coello qui renversent Lebr\u00f3n \/ Stupaczuck"},"content":{"rendered":"<p>On a cru \u00e0 l\u2019exploit. Port\u00e9s par un <strong>Juan Lebr\u00f3n en feu<\/strong>, les num\u00e9ros 3 mondiaux avaient parfaitement lanc\u00e9 leur demi-finale face \u00e0 Tapia et Coello. D\u00e9fenses h\u00e9ro\u00efques, gros smashes, anticipation totale : pendant une demi-heure, <strong>le Lobo a \u00e9clips\u00e9 tout le monde sur le Chatrier<\/strong>. Aux c\u00f4t\u00e9s d\u2019un Stupa appliqu\u00e9, la paire hispano-argentine menait rapidement <strong>5\/2<\/strong>. En face Tapia est un peu nerveux.<\/p>\n<p>Mais face aux num\u00e9ros 1 mondiaux, chaque baisse de r\u00e9gime se paye cash. Et quand Lebr\u00f3n a commenc\u00e9 \u00e0 s\u2019agacer, que la communication avec Stupa s\u2019est r\u00e9duite, Tapia et Coello ont profit\u00e9 de la br\u00e8che. <strong>D\u00e9break \u00e0 5\/3, puis cinq jeux d\u2019affil\u00e9e<\/strong> : les golden boys renversent compl\u00e8tement la situation port\u00e9 par un grand Arturo Coello aujourd\u2019hui (23 fautes points gagnants, 3 fautes directes) pour empocher le premier set 7\/5.<\/p>\n<p><img title=\"image | Padel Magazine\" loading=\"lazy\" decoding=\"async\" width=\"827\" height=\"397\" src=\"https:\/\/www.europesays.com\/fr\/wp-content\/uploads\/2025\/09\/image-34.png\" alt=\"\" class=\"wp-image-268205\"  \/>Cr\u00e9dit  Padel IntelligenceLebr\u00f3n et Stupa s\u2019\u00e9teignent<\/p>\n<p>Sur le banc, le contraste \u00e9tait flagrant : <strong>silence et frustration<\/strong> du c\u00f4t\u00e9 de Lebr\u00f3n \/ Stupa, intensit\u00e9 et coh\u00e9sion chez Tapia \/ Coello. Dans le second set, le sc\u00e9nario s\u2019est r\u00e9p\u00e9t\u00e9. Plus solides, plus constants, les num\u00e9ros 1 mondiaux ont impos\u00e9 leur rythme. Malgr\u00e9 quelques points accroch\u00e9s, ils ont boucl\u00e9 l\u2019affaire sur un <strong>6\/2 autoritaire<\/strong>, avec une balle de match symbolique : un retour d\u00e9sabus\u00e9 de Stupa envoy\u00e9 directement dans la vitre.<\/p>\n<p>Une troisi\u00e8me finale parisienne pour Coello \/ Tapia<\/p>\n<p>Avec cette victoire, Tapia et Coello s\u2019offrent une <strong>troisi\u00e8me finale cons\u00e9cutive \u00e0 Roland-Garros<\/strong>. Encore une fois, ils ont montr\u00e9 pourquoi ils dominent la plan\u00e8te padel : une capacit\u00e9 incroyable \u00e0 inverser des situations mal engag\u00e9es et \u00e0 d\u00e9rouler une fois le match en main.<\/p>\n<p>Et pour Lebr\u00f3n \/ Stupa ?<\/p>\n<p>Cette d\u00e9faite, en revanche, laisse des traces. Apr\u00e8s avoir flirt\u00e9 avec l\u2019exploit, la paire a sombr\u00e9, min\u00e9e par les frustrations et un manque de communication criant. <strong>Pas de premi\u00e8re finale de Major ensemble<\/strong>, et surtout une nouvelle preuve que l\u2019association peine \u00e0 trouver de la stabilit\u00e9 dans les moments-cl\u00e9s.<br \/>La question est d\u00e9sormais sur toutes les l\u00e8vres : <strong>ce match est-il celui de trop pour le duo Lebr\u00f3n \/ Stupa ?<\/strong><\/p>\n<p><img loading=\"lazy\" decoding=\"async\" data-del=\"avatar\" alt=\"Benjamin Dupouy\" src=\"https:\/\/www.europesays.com\/fr\/wp-content\/uploads\/2025\/04\/IMG_5219-150x150.jpg\" class=\"avatar pp-user-avatar avatar-100 photo \" height=\"100\" width=\"100\"\/><\/p>\n<p>J\u2019ai d\u00e9couvert le padel directement lors d\u2019un tournoi, et franchement, je n\u2019ai pas trop accroch\u00e9 au d\u00e9but. Mais la deuxi\u00e8me fois, \u00e7a a \u00e9t\u00e9 le coup de foudre, et depuis, je ne rate plus un seul match. Je suis m\u00eame pr\u00eat \u00e0 rester \u00e9veill\u00e9 jusqu\u2019\u00e0 3h du matin pour regarder une finale de Premier Padel !<\/p>\n<p class=\"related-title\">Sur le m\u00eame sujet<\/p>\n","protected":false},"excerpt":{"rendered":"On a cru \u00e0 l\u2019exploit. Port\u00e9s par un Juan Lebr\u00f3n en feu, les num\u00e9ros 3 mondiaux avaient parfaitement&hellip;\n","protected":false},"author":2,"featured_media":389270,"comment_status":"","ping_status":"","sticky":false,"template":"","format":"standard","meta":{"footnotes":""},"categories":[1888],"tags":[11,36047,36048,1777,674,1011,27,52157,12,626,51086,25],"class_list":{"0":"post-389269","1":"post","2":"type-post","3":"status-publish","4":"format-standard","5":"has-post-thumbnail","7":"category-paris","8":"tag-actualites","9":"tag-agustin-tapia","10":"tag-arturo-coello","11":"tag-eu","12":"tag-europe","13":"tag-fr","14":"tag-france","15":"tag-juan-lebron","16":"tag-news","17":"tag-paris","18":"tag-paris-major-2025","19":"tag-republique-francaise"},"share_on_mastodon":{"url":"https:\/\/pubeurope.com\/@fr\/115200385903280724","error":""},"_links":{"self":[{"href":"https:\/\/www.europesays.com\/fr\/wp-json\/wp\/v2\/posts\/389269","targetHints":{"allow":["GET"]}}],"collection":[{"href":"https:\/\/www.europesays.com\/fr\/wp-json\/wp\/v2\/posts"}],"about":[{"href":"https:\/\/www.europesays.com\/fr\/wp-json\/wp\/v2\/types\/post"}],"author":[{"embeddable":true,"href":"https:\/\/www.europesays.com\/fr\/wp-json\/wp\/v2\/users\/2"}],"replies":[{"embeddable":true,"href":"https:\/\/www.europesays.com\/fr\/wp-json\/wp\/v2\/comments?post=389269"}],"version-history":[{"count":0,"href":"https:\/\/www.europesays.com\/fr\/wp-json\/wp\/v2\/posts\/389269\/revisions"}],"wp:featuredmedia":[{"embeddable":true,"href":"https:\/\/www.europesays.com\/fr\/wp-json\/wp\/v2\/media\/389270"}],"wp:attachment":[{"href":"https:\/\/www.europesays.com\/fr\/wp-json\/wp\/v2\/media?parent=389269"}],"wp:term":[{"taxonomy":"category","embeddable":true,"href":"https:\/\/www.europesays.com\/fr\/wp-json\/wp\/v2\/categories?post=389269"},{"taxonomy":"post_tag","embeddable":true,"href":"https:\/\/www.europesays.com\/fr\/wp-json\/wp\/v2\/tags?post=389269"}],"curies":[{"name":"wp","href":"https:\/\/api.w.org\/{rel}","templated":true}]}}