{"id":389273,"date":"2025-09-14T02:53:15","date_gmt":"2025-09-14T02:53:15","guid":{"rendered":"https:\/\/www.europesays.com\/fr\/389273\/"},"modified":"2025-09-14T02:53:15","modified_gmt":"2025-09-14T02:53:15","slug":"zelensky-appelle-les-allies-a-ne-pas-chercher-dexcuses-pour-eviter-dimposer-des-sanctions-a-moscou-14-09-2025-a-0107","status":"publish","type":"post","link":"https:\/\/www.europesays.com\/fr\/389273\/","title":{"rendered":"Zelensky appelle les alli\u00e9s \u00e0 ne pas \u00ab\u00a0chercher d&rsquo;excuses\u00a0\u00bb pour \u00e9viter d&rsquo;imposer des sanctions \u00e0 Moscou &#8211; 14\/09\/2025 \u00e0 01:07"},"content":{"rendered":"<p>\n Le pr\u00e9sident ukrainien<br \/>\nVolodimir Zelensky a appel\u00e9 les alli\u00e9s \u00e0 arr\u00eater d&rsquo;acheter du<br \/>\np\u00e9trole russe et \u00e0 ne pas \u00ab\u00a0chercher d&rsquo;excuses\u00a0\u00bb pour \u00e9viter<br \/>\nd&rsquo;imposer des sanctions \u00e0 la Russie.\n<\/p>\n<p>\n Le pr\u00e9sident am\u00e9ricain Donald Trump a d\u00e9clar\u00e9 que les<br \/>\nEtats-Unis n&rsquo;imposeraient des sanctions \u00e0 Moscou que lorsque<br \/>\ntous les pays membres de l&rsquo;Otan consentiraient \u00e0 faire de m\u00eame.\n<\/p>\n<p>\n \u00ab\u00a0J&rsquo;appelle tous les partenaires \u00e0 arr\u00eater de chercher des<br \/>\nexcuses pour ne pas imposer de sanctions &#8211; l&rsquo;Europe, les<br \/>\nEtats-Unis, le G7, le G20\u00a0\u00bb, a \u00e9crit Volodimir Zelensky sur le<br \/>\nr\u00e9seau social X.\n<\/p>\n<p>\n \u00ab\u00a0Il est n\u00e9cessaire de r\u00e9duire la consommation de p\u00e9trole<br \/>\nrusse, ce qui r\u00e9duira assur\u00e9ment la capacit\u00e9 de la Russie \u00e0<br \/>\ncombattre. Nous pouvons entendre la position des Etats-Unis, qui<br \/>\ndevrait \u00eatre entendue par tous ceux qui d\u00e9cident encore de<br \/>\ns&rsquo;approvisionner aupr\u00e8s de la Russie plut\u00f4t qu&rsquo;aupr\u00e8s d&rsquo;autres<br \/>\npartenaires\u00a0\u00bb, a-t-il ajout\u00e9.\n<\/p>\n<p>\n (Max Hunder; version fran\u00e7aise Camille Raynaud)<\/p>\n","protected":false},"excerpt":{"rendered":"Le pr\u00e9sident ukrainien Volodimir Zelensky a appel\u00e9 les alli\u00e9s \u00e0 arr\u00eater d&rsquo;acheter du p\u00e9trole russe et \u00e0 ne&hellip;\n","protected":false},"author":2,"featured_media":2486,"comment_status":"","ping_status":"","sticky":false,"template":"","format":"standard","meta":{"footnotes":""},"categories":[1590],"tags":[400,11,398,408,405,1777,674,403,402,399,404,12,401,406,220,407],"class_list":{"0":"post-389273","1":"post","2":"type-post","3":"status-publish","4":"format-standard","5":"has-post-thumbnail","7":"category-ukraine","8":"tag-action-cac-40","9":"tag-actualites","10":"tag-bourse-de-paris","11":"tag-boursorama","12":"tag-cotations","13":"tag-eu","14":"tag-europe","15":"tag-indices-devises","16":"tag-investir","17":"tag-investissement","18":"tag-marche-boursier","19":"tag-news","20":"tag-sicav","21":"tag-trackers","22":"tag-ukraine","23":"tag-warrants"},"share_on_mastodon":{"url":"https:\/\/pubeurope.com\/@fr\/115200393536657887","error":""},"_links":{"self":[{"href":"https:\/\/www.europesays.com\/fr\/wp-json\/wp\/v2\/posts\/389273","targetHints":{"allow":["GET"]}}],"collection":[{"href":"https:\/\/www.europesays.com\/fr\/wp-json\/wp\/v2\/posts"}],"about":[{"href":"https:\/\/www.europesays.com\/fr\/wp-json\/wp\/v2\/types\/post"}],"author":[{"embeddable":true,"href":"https:\/\/www.europesays.com\/fr\/wp-json\/wp\/v2\/users\/2"}],"replies":[{"embeddable":true,"href":"https:\/\/www.europesays.com\/fr\/wp-json\/wp\/v2\/comments?post=389273"}],"version-history":[{"count":0,"href":"https:\/\/www.europesays.com\/fr\/wp-json\/wp\/v2\/posts\/389273\/revisions"}],"wp:featuredmedia":[{"embeddable":true,"href":"https:\/\/www.europesays.com\/fr\/wp-json\/wp\/v2\/media\/2486"}],"wp:attachment":[{"href":"https:\/\/www.europesays.com\/fr\/wp-json\/wp\/v2\/media?parent=389273"}],"wp:term":[{"taxonomy":"category","embeddable":true,"href":"https:\/\/www.europesays.com\/fr\/wp-json\/wp\/v2\/categories?post=389273"},{"taxonomy":"post_tag","embeddable":true,"href":"https:\/\/www.europesays.com\/fr\/wp-json\/wp\/v2\/tags?post=389273"}],"curies":[{"name":"wp","href":"https:\/\/api.w.org\/{rel}","templated":true}]}}