{"id":389276,"date":"2025-09-14T02:55:15","date_gmt":"2025-09-14T02:55:15","guid":{"rendered":"https:\/\/www.europesays.com\/fr\/389276\/"},"modified":"2025-09-14T02:55:15","modified_gmt":"2025-09-14T02:55:15","slug":"apres-londres-le-prince-harry-prend-la-direction-de-lukraine-2","status":"publish","type":"post","link":"https:\/\/www.europesays.com\/fr\/389276\/","title":{"rendered":"Apr\u00e8s Londres, le prince Harry prend la direction de l&rsquo;Ukraine"},"content":{"rendered":"<p class=\"mb-4 text-lg md:leading-8 break-words\">C&rsquo;est \u00e0 bord d&rsquo;un train de nuit qu&rsquo;il a ralli\u00e9 l&rsquo;Ukraine. Apr\u00e8s avoir pass\u00e9 quatre jours sur sa terre natale, <strong>le <\/strong><a href=\"https:\/\/www.pointdevue.fr\/grand-angle\/biographies\/prince-harry\" rel=\"nofollow noopener\" target=\"_blank\" data-ylk=\"slk:prince Harry;elm:context_link;itc:0;sec:content-canvas\" class=\"link \"><strong>prince Harry<\/strong><\/a> est arriv\u00e9 en Ukraine ce Seconde Guerre Invit\u00e9 par le gouvernement, le duc de Sussex effectue ici une visite surprise \u00e0 <strong>Kiev<\/strong>, la capitale, aux c\u00f4t\u00e9s de plusieurs membres de sa fondation<strong> Invictus Games.<\/strong><\/p>\n<p class=\"mb-4 text-lg md:leading-8 break-words\">Dans ce pays, massacr\u00e9 par trois ann\u00e9es et demi de guerre avec la Russie, l&rsquo;objectif du fils cadet de <a href=\"https:\/\/www.pointdevue.fr\/grand-angle\/biographies\/charles-iii\" rel=\"nofollow noopener\" target=\"_blank\" data-ylk=\"slk:Charles III;elm:context_link;itc:0;sec:content-canvas\" class=\"link \">Charles III<\/a> est clair : aider, par le biais de nouvelles initiatives, au r\u00e9tablissement des milliers de soldats bless\u00e9s au cours de ce conflit. \u00ab\u00a0Nous ne pouvons pas mettre fin \u00e0 la guerre, mais nous pouvons faire tout notre possible pour aider au processus de r\u00e9tablissement, a confi\u00e9 le duc de Sussex au <a href=\"https:\/\/www.theguardian.com\/uk-news\/2025\/sep\/12\/prince-harry-ukraine-visit-kyiv\" rel=\"nofollow noopener\" target=\"_blank\" data-ylk=\"slk:The Guardian;elm:context_link;itc:0;sec:content-canvas\" class=\"link \">The Guardian<\/a> depuis le train. Nous pouvons continuer \u00e0 humaniser les personnes impliqu\u00e9es dans cette guerre et ce qu&rsquo;elles vivent. Nous devons garder cela \u00e0 l&rsquo;esprit\u00a0\u00bb.<\/p>\n<p>Un programme charg\u00e9<\/p>\n<p class=\"mb-4 text-lg md:leading-8 break-words\">Pour le duc de Sussex, le programme de cette journ\u00e9e s&rsquo;annonce charg\u00e9 : il devrait notamment, selon le journal britannique, visiter le Mus\u00e9e national de l\u2019histoire de l\u2019Ukraine durant la Seconde Guerre mondiale o\u00f9 200 v\u00e9t\u00e9rans sont invit\u00e9s. Une rencontre avec la Premi\u00e8re ministre du pays, Ioulia Svyrydenko, devrait aussi avoir lieu.<\/p>\n<p class=\"mb-4 text-lg md:leading-8 break-words\">Ce d\u00e9placement, qui intervient cinq mois apr\u00e8s une premi\u00e8re visite du prince Harry \u00e0 Lviv aupr\u00e8s des bless\u00e9s de guerre, s&rsquo;inscrit dans la continuit\u00e9 des engagements du duc de Sussex depuis toujours.<\/p>\n<p class=\"mb-4 text-lg md:leading-8 break-words\"><strong>Lire aussi &gt;&gt; <\/strong><a href=\"https:\/\/www.pointdevue.fr\/royal\/royaume-uni\/harry-en-visite-surprise-en-ukraine-aupres-des-blesses-de-guerre\" rel=\"nofollow noopener\" target=\"_blank\" data-ylk=\"slk:Harry en visite surprise en Ukraine aupr\u00e8s des bless\u00e9s de guerre;elm:context_link;itc:0;sec:content-canvas\" class=\"link \"><strong>Harry en visite surprise en Ukraine aupr\u00e8s des bless\u00e9s de guerre<\/strong><\/a><\/p>\n<p class=\"mb-4 text-lg md:leading-8 break-words\">\u00a0<\/p>\n<p class=\"mb-4 text-lg md:leading-8 break-words\">\u00a0<\/p>\n<p class=\"mb-4 text-lg md:leading-8 break-words\">\u00a0<\/p>\n","protected":false},"excerpt":{"rendered":"C&rsquo;est \u00e0 bord d&rsquo;un train de nuit qu&rsquo;il a ralli\u00e9 l&rsquo;Ukraine. Apr\u00e8s avoir pass\u00e9 quatre jours sur sa&hellip;\n","protected":false},"author":2,"featured_media":389277,"comment_status":"","ping_status":"","sticky":false,"template":"","format":"standard","meta":{"footnotes":""},"categories":[1588],"tags":[11,28794,1777,674,12,267,473,1853,52158,1851,220,1850,1852],"class_list":{"0":"post-389276","1":"post","2":"type-post","3":"status-publish","4":"format-standard","5":"has-post-thumbnail","7":"category-royaume-uni","8":"tag-actualites","9":"tag-duc-de-sussex","10":"tag-eu","11":"tag-europe","12":"tag-news","13":"tag-prince-harry","14":"tag-royaume-uni","15":"tag-royaume-uni-de-grande-bretagne-et-dirlande-du-nord","16":"tag-seconde-guerre","17":"tag-uk","18":"tag-ukraine","19":"tag-united-kingdom","20":"tag-united-kingdom-of-great-britain-and-northern-ireland"},"share_on_mastodon":{"url":"https:\/\/pubeurope.com\/@fr\/115200401336653128","error":""},"_links":{"self":[{"href":"https:\/\/www.europesays.com\/fr\/wp-json\/wp\/v2\/posts\/389276","targetHints":{"allow":["GET"]}}],"collection":[{"href":"https:\/\/www.europesays.com\/fr\/wp-json\/wp\/v2\/posts"}],"about":[{"href":"https:\/\/www.europesays.com\/fr\/wp-json\/wp\/v2\/types\/post"}],"author":[{"embeddable":true,"href":"https:\/\/www.europesays.com\/fr\/wp-json\/wp\/v2\/users\/2"}],"replies":[{"embeddable":true,"href":"https:\/\/www.europesays.com\/fr\/wp-json\/wp\/v2\/comments?post=389276"}],"version-history":[{"count":0,"href":"https:\/\/www.europesays.com\/fr\/wp-json\/wp\/v2\/posts\/389276\/revisions"}],"wp:featuredmedia":[{"embeddable":true,"href":"https:\/\/www.europesays.com\/fr\/wp-json\/wp\/v2\/media\/389277"}],"wp:attachment":[{"href":"https:\/\/www.europesays.com\/fr\/wp-json\/wp\/v2\/media?parent=389276"}],"wp:term":[{"taxonomy":"category","embeddable":true,"href":"https:\/\/www.europesays.com\/fr\/wp-json\/wp\/v2\/categories?post=389276"},{"taxonomy":"post_tag","embeddable":true,"href":"https:\/\/www.europesays.com\/fr\/wp-json\/wp\/v2\/tags?post=389276"}],"curies":[{"name":"wp","href":"https:\/\/api.w.org\/{rel}","templated":true}]}}