{"id":389292,"date":"2025-09-14T03:07:14","date_gmt":"2025-09-14T03:07:14","guid":{"rendered":"https:\/\/www.europesays.com\/fr\/389292\/"},"modified":"2025-09-14T03:07:14","modified_gmt":"2025-09-14T03:07:14","slug":"johann-zarco-le-pilote-qui-tombe-le-plus-souvent-cette-saison-en-motogp","status":"publish","type":"post","link":"https:\/\/www.europesays.com\/fr\/389292\/","title":{"rendered":"Johann Zarco, le pilote qui tombe le plus souvent cette saison en MotoGP"},"content":{"rendered":"\n<p>\u00ab\u00a0Clairement, \u00e7a m&rsquo;a hant\u00e9\u00a0\u00bb  : Johann Zarco, le pilote qui tombe le plus souvent cette saison en MotoGP<\/p>\n<p>Contrairement \u00e0 son habitude, le Fran\u00e7ais de LCR Johann Zarco est, cette saison, le pilote qui tombe le plus souvent. Vingt-deux accidents qui co\u00fbtent cher mais qui s&rsquo;expliquent par cette Honda qui n&rsquo;offre pas toutes les assurances quand le pilote pousse fort.<\/p>\n","protected":false},"excerpt":{"rendered":"\u00ab\u00a0Clairement, \u00e7a m&rsquo;a hant\u00e9\u00a0\u00bb : Johann Zarco, le pilote qui tombe le plus souvent cette saison en MotoGP&hellip;\n","protected":false},"author":2,"featured_media":389293,"comment_status":"","ping_status":"","sticky":false,"template":"","format":"standard","meta":{"footnotes":""},"categories":[1413],"tags":[1011,27,1457,1456,60],"class_list":{"0":"post-389292","1":"post","2":"type-post","3":"status-publish","4":"format-standard","5":"has-post-thumbnail","7":"category-moto","8":"tag-fr","9":"tag-france","10":"tag-moto","11":"tag-motocycle","12":"tag-sports"},"share_on_mastodon":{"url":"https:\/\/pubeurope.com\/@fr\/115200448468861990","error":""},"_links":{"self":[{"href":"https:\/\/www.europesays.com\/fr\/wp-json\/wp\/v2\/posts\/389292","targetHints":{"allow":["GET"]}}],"collection":[{"href":"https:\/\/www.europesays.com\/fr\/wp-json\/wp\/v2\/posts"}],"about":[{"href":"https:\/\/www.europesays.com\/fr\/wp-json\/wp\/v2\/types\/post"}],"author":[{"embeddable":true,"href":"https:\/\/www.europesays.com\/fr\/wp-json\/wp\/v2\/users\/2"}],"replies":[{"embeddable":true,"href":"https:\/\/www.europesays.com\/fr\/wp-json\/wp\/v2\/comments?post=389292"}],"version-history":[{"count":0,"href":"https:\/\/www.europesays.com\/fr\/wp-json\/wp\/v2\/posts\/389292\/revisions"}],"wp:featuredmedia":[{"embeddable":true,"href":"https:\/\/www.europesays.com\/fr\/wp-json\/wp\/v2\/media\/389293"}],"wp:attachment":[{"href":"https:\/\/www.europesays.com\/fr\/wp-json\/wp\/v2\/media?parent=389292"}],"wp:term":[{"taxonomy":"category","embeddable":true,"href":"https:\/\/www.europesays.com\/fr\/wp-json\/wp\/v2\/categories?post=389292"},{"taxonomy":"post_tag","embeddable":true,"href":"https:\/\/www.europesays.com\/fr\/wp-json\/wp\/v2\/tags?post=389292"}],"curies":[{"name":"wp","href":"https:\/\/api.w.org\/{rel}","templated":true}]}}