{"id":389294,"date":"2025-09-14T03:08:15","date_gmt":"2025-09-14T03:08:15","guid":{"rendered":"https:\/\/www.europesays.com\/fr\/389294\/"},"modified":"2025-09-14T03:08:15","modified_gmt":"2025-09-14T03:08:15","slug":"hamilton-f1-sois-un-co-lannonce-surrealiste","status":"publish","type":"post","link":"https:\/\/www.europesays.com\/fr\/389294\/","title":{"rendered":"Hamilton &#8211; F1 : \u00abSois un co*****\u00bb, l&rsquo;annonce surr\u00e9aliste !"},"content":{"rendered":"<p>                    Alexis Poch<br \/>\n                        &#8211;<\/p>\n<p>Journaliste<\/p>\n<p>Titulaire d&rsquo;un Master en journalisme sportif, je suis tomb\u00e9 amoureux du tennis d\u00e8s l&rsquo;enfance et j&rsquo;ai toujours aim\u00e9 lire les belles histoires de ce sport. Aujourd&rsquo;hui, je souhaite les raconter, profiter de ma passion \u00e0 fond et \u00eatre au plus proche des as du circuit.<\/p>\n<p class=\"heading\">Actuellement en poste chez Ferrari depuis le d\u00e9but de la saison, Lewis Hamilton a rejoint une \u00e9curie par laquelle une ancienne l\u00e9gende importante pour lui est pass\u00e9e : Niki Lauda. Le pilote autrichien, disparu en 2019, occupe toujours une place importante dans le c\u0153ur du Britannique. Ce dernier lui a encore rendu un hommage r\u00e9cemment, se rem\u00e9morant ses grands conseils.<\/p>\n<p>Septuple champion du monde,<strong> <\/strong><a href=\"https:\/\/le10sport.com\/formule1\/f1-hamilton-le-coup-legendaire-qui-va-degouter-verstappen-757883\" target=\"_blank\" rel=\"noopener\"><strong>Lewis Hamilton<\/strong><\/a> reste toujours actif en <strong>Formule 1<\/strong> malgr\u00e9 l&rsquo;\u00e2ge. A 40 ans, le pilote britannique ne r\u00e9alise pas une grande saison sur le plan sportif chez <strong>Ferrari <\/strong>mais il savoure sa place dans l&rsquo;\u00e9curie italienne. A <strong>Monza<\/strong>, il en a profit\u00e9 pour rendre hommage \u00e0 <strong>Niki Lauda<\/strong>, avec qui il tenait une relation privil\u00e9gi\u00e9e. L&rsquo;Autrichien lui avait gliss\u00e9 un conseil plut\u00f4t surr\u00e9aliste \u00e0 ses d\u00e9buts.<\/p>\n<p>                                            Lewis Hamilton rend hommage \u00e0 Niki Lauda<\/p>\n<p>Triple champion du monde de <strong>Formule 1, Niki Lauda <\/strong>est d\u00e9c\u00e9d\u00e9 en 2019 \u00e0 l&rsquo;\u00e2ge de 70 ans. L&rsquo;Autrichien joue un r\u00f4le d\u00e9cisif dans le recrutement de <strong>Lewis Hamilton<\/strong> chez <strong>Mercedes <\/strong>en 2013. Le Britannique encha\u00eenera les titres jusqu&rsquo;\u00e0 la disparition de <strong>Lauda<\/strong>. Les deux hommes ont eu le temps de beaucoup \u00e9changer durant toutes ces ann\u00e9es. \u00ab Niki et moi avions une relation extraordinaire. Quand j\u2019ai rejoint Ferrari, je n\u2019avais m\u00eame pas pens\u00e9 au fait que Niki avait pilot\u00e9 pour Ferrari. C\u2019\u00e9tait simplement parce que, enfant, je regardais Michael et j\u2019\u00e9tais un grand fan de l\u2019\u00e9quipe. Je regardais toujours la r\u00e9action du public chaque fois que Ferrari montait sur le podium : la passion \u00e9tait sans \u00e9gal. Je voulais ressentir cela. Maintenant que j\u2019ai rejoint l\u2019\u00e9quipe et que j\u2019en apprends davantage sur son histoire, ce week-end est incroyable. Car j\u2019ai pu rendre hommage \u00e0 Niki chez Mercedes, j\u2019ai pu c\u00e9l\u00e9brer les championnats remport\u00e9s avec lui, et maintenant je peux venir chez Ferrari et lui rendre hommage ici aussi \u00bb a-t-il d\u00e9clar\u00e9 r\u00e9cemment d&rsquo;apr\u00e8s des propos rapport\u00e9s par Nextgen-Auto.<\/p>\n<p>                                            Le conseil incroyable de Lauda \u00e0 Hamilton<\/p>\n<p>Avec 105 victoires depuis le d\u00e9but de sa carri\u00e8re en <strong>Formule 1, Lewis Hamilton<\/strong> a \u00e9tabli beaucoup de records. Le pilote britannique a avou\u00e9 qu&rsquo;il pensait toujours \u00e0 un conseil sp\u00e9cial que <strong>Niki Lauda<\/strong> lui avait donn\u00e9. \u00ab Son h\u00e9ritage continue de vivre. Je sais ce qu\u2019il me dirait aujourd\u2019hui, et cette pens\u00e9e est toujours pr\u00e9sente dans mon esprit. Quand je ne r\u00e9ussissais pas bien, il me disait \u2019fais-leur vivre l\u2019enfer\u2019, mais il utilisait toujours le mot \u2019connards\u2019 ! Au d\u00e9but, je ne comprenais pas. Je lui demandais \u2019comment \u00e7a ? Tu veux dire leur faire vivre l\u2019enfer ?\u2019 et il r\u00e9pondait \u2019non, sois un connard !\u2019. Mais c\u2019\u00e9tait un vrai battant \u00bb ajoute-t-il.<\/p>\n","protected":false},"excerpt":{"rendered":"Alexis Poch &#8211; Journaliste Titulaire d&rsquo;un Master en journalisme sportif, je suis tomb\u00e9 amoureux du tennis d\u00e8s l&rsquo;enfance&hellip;\n","protected":false},"author":2,"featured_media":389295,"comment_status":"","ping_status":"","sticky":false,"template":"","format":"standard","meta":{"footnotes":""},"categories":[1412],"tags":[1451,1452,1453,1454,1455,1011,27,60],"class_list":{"0":"post-389294","1":"post","2":"type-post","3":"status-publish","4":"format-standard","5":"has-post-thumbnail","7":"category-f1","8":"tag-f1","9":"tag-formula-1","10":"tag-formula1","11":"tag-formule-1","12":"tag-formule1","13":"tag-fr","14":"tag-france","15":"tag-sports"},"share_on_mastodon":{"url":"https:\/\/pubeurope.com\/@fr\/115200452428830138","error":""},"_links":{"self":[{"href":"https:\/\/www.europesays.com\/fr\/wp-json\/wp\/v2\/posts\/389294","targetHints":{"allow":["GET"]}}],"collection":[{"href":"https:\/\/www.europesays.com\/fr\/wp-json\/wp\/v2\/posts"}],"about":[{"href":"https:\/\/www.europesays.com\/fr\/wp-json\/wp\/v2\/types\/post"}],"author":[{"embeddable":true,"href":"https:\/\/www.europesays.com\/fr\/wp-json\/wp\/v2\/users\/2"}],"replies":[{"embeddable":true,"href":"https:\/\/www.europesays.com\/fr\/wp-json\/wp\/v2\/comments?post=389294"}],"version-history":[{"count":0,"href":"https:\/\/www.europesays.com\/fr\/wp-json\/wp\/v2\/posts\/389294\/revisions"}],"wp:featuredmedia":[{"embeddable":true,"href":"https:\/\/www.europesays.com\/fr\/wp-json\/wp\/v2\/media\/389295"}],"wp:attachment":[{"href":"https:\/\/www.europesays.com\/fr\/wp-json\/wp\/v2\/media?parent=389294"}],"wp:term":[{"taxonomy":"category","embeddable":true,"href":"https:\/\/www.europesays.com\/fr\/wp-json\/wp\/v2\/categories?post=389294"},{"taxonomy":"post_tag","embeddable":true,"href":"https:\/\/www.europesays.com\/fr\/wp-json\/wp\/v2\/tags?post=389294"}],"curies":[{"name":"wp","href":"https:\/\/api.w.org\/{rel}","templated":true}]}}