{"id":389298,"date":"2025-09-14T03:10:11","date_gmt":"2025-09-14T03:10:11","guid":{"rendered":"https:\/\/www.europesays.com\/fr\/389298\/"},"modified":"2025-09-14T03:10:11","modified_gmt":"2025-09-14T03:10:11","slug":"dembele-psg-loffre-est-rendue-publique-un-scandale-eclate","status":"publish","type":"post","link":"https:\/\/www.europesays.com\/fr\/389298\/","title":{"rendered":"Demb\u00e9l\u00e9 &#8211; PSG : L&rsquo;offre est rendue publique, un scandale \u00e9clate"},"content":{"rendered":"<p>                    Dan Marciano<br \/>\n                        &#8211;<\/p>\n<p>R\u00e9dacteur<\/p>\n<p>Titulaire d&rsquo;un Master de droit international, je me suis rendu compte au bout de mon parcours universitaire qu&rsquo;il \u00e9tait important d&rsquo;\u00e9voluer dans un domaine que l&rsquo;on appr\u00e9cie. Du jour au lendemain, j&rsquo;ai d\u00e9cid\u00e9 de mettre fin au r\u00eave de mes parents, qui voyaient en moi un futur avocat, pour vivre de ma passion : le sport. Depuis, je couvre les mercatos et l&rsquo;actualit\u00e9 sportive en essayant d&rsquo;informer au mieux les lecteurs.<\/p>\n<p class=\"heading\">Le 22 septembre, le Ballon d\u2019Or 2025 sera attribu\u00e9, et Ousmane Demb\u00e9l\u00e9 figure parmi les deux grands favoris aux c\u00f4t\u00e9s de Lamine Yamal (FC Barcelone). Mais l\u2019ailier du PSG se retrouve au centre d\u2019une controverse apr\u00e8s les r\u00e9v\u00e9lations d\u2019un cr\u00e9ateur de contenus affirmant avoir \u00e9t\u00e9 approch\u00e9 pour promouvoir sa candidature en ligne.<\/p>\n<p>Chaque ann\u00e9e, l\u2019attribution du<strong> Ballon d\u2019Or <\/strong>d\u00e9cha\u00eene les passions, mais l\u2019\u00e9dition 2025 pourrait s\u2019av\u00e9rer encore plus scrut\u00e9e que d\u2019habitude. En lice, <strong>Ousmane Demb\u00e9l\u00e9,<\/strong> champion d\u2019Europe avec le <strong>PSG <\/strong>et \u00e9l\u00e9ment d\u00e9terminant en s\u00e9lection, rivalise avec la p\u00e9pite espagnole <strong>Lamine Yamal<\/strong>, v\u00e9ritable r\u00e9v\u00e9lation de la saison au <strong>FC Barcelone.<\/strong><\/p>\n<p>                                            Demb\u00e9l\u00e9 fait parler de lui en Australie<\/p>\n<p>Dans ce contexte, la r\u00e9v\u00e9lation autour d\u2019une op\u00e9ration suppos\u00e9e en faveur de <a href=\"https:\/\/le10sport.com\/football\/ligue1\/psg\/clash-avec-le-psg-dembele-le-message-du-boss-qui-va-faire-parler-757920\" rel=\"nofollow noopener\" target=\"_blank\">Demb\u00e9l\u00e9<\/a> vient jeter une ombre sur une course pourtant prestigieuse. C\u2019est <strong>Neal Gardner,<\/strong> cr\u00e9ateur australien de contenus football suivis par plus de 120 000 abonn\u00e9s sur X (ex-Twitter), qui a mis le feu aux poudres.<\/p>\n<p>                                            L&rsquo;offre rendue publique<\/p>\n<p>Il indique qu&rsquo;un \u00e9mail envoy\u00e9 par une source inconnue lui proposait de publier trois\u00a0\u00ab tweets soigneusement r\u00e9dig\u00e9s par semaine pendant un mois, mettant en avant ses performances, son impact et ses arguments pour cette distinction\u00bb. Une proposition refus\u00e9e par <strong>Gardner<\/strong><strong>.<\/strong> \u00ab Je suis parfaitement conscient des cons\u00e9quences. C&rsquo;\u00e9tait une d\u00e9cision commerciale horrible de ma part, mais devinez quoi ? Je m&rsquo;en fiche \u00bb. Le 22 septembre, au moment de l\u2019annonce officielle, il sera difficile d\u2019oublier que, dans l\u2019ombre des votes, des strat\u00e9gies d\u2019influence ont pu \u00eatre tent\u00e9es.<\/p>\n","protected":false},"excerpt":{"rendered":"Dan Marciano &#8211; R\u00e9dacteur Titulaire d&rsquo;un Master de droit international, je me suis rendu compte au bout de&hellip;\n","protected":false},"author":2,"featured_media":389299,"comment_status":"","ping_status":"","sticky":false,"template":"","format":"standard","meta":{"footnotes":""},"categories":[1410],"tags":[63,1011,27,60],"class_list":{"0":"post-389298","1":"post","2":"type-post","3":"status-publish","4":"format-standard","5":"has-post-thumbnail","7":"category-football","8":"tag-football","9":"tag-fr","10":"tag-france","11":"tag-sports"},"share_on_mastodon":{"url":"https:\/\/pubeurope.com\/@fr\/115200460477299763","error":""},"_links":{"self":[{"href":"https:\/\/www.europesays.com\/fr\/wp-json\/wp\/v2\/posts\/389298","targetHints":{"allow":["GET"]}}],"collection":[{"href":"https:\/\/www.europesays.com\/fr\/wp-json\/wp\/v2\/posts"}],"about":[{"href":"https:\/\/www.europesays.com\/fr\/wp-json\/wp\/v2\/types\/post"}],"author":[{"embeddable":true,"href":"https:\/\/www.europesays.com\/fr\/wp-json\/wp\/v2\/users\/2"}],"replies":[{"embeddable":true,"href":"https:\/\/www.europesays.com\/fr\/wp-json\/wp\/v2\/comments?post=389298"}],"version-history":[{"count":0,"href":"https:\/\/www.europesays.com\/fr\/wp-json\/wp\/v2\/posts\/389298\/revisions"}],"wp:featuredmedia":[{"embeddable":true,"href":"https:\/\/www.europesays.com\/fr\/wp-json\/wp\/v2\/media\/389299"}],"wp:attachment":[{"href":"https:\/\/www.europesays.com\/fr\/wp-json\/wp\/v2\/media?parent=389298"}],"wp:term":[{"taxonomy":"category","embeddable":true,"href":"https:\/\/www.europesays.com\/fr\/wp-json\/wp\/v2\/categories?post=389298"},{"taxonomy":"post_tag","embeddable":true,"href":"https:\/\/www.europesays.com\/fr\/wp-json\/wp\/v2\/tags?post=389298"}],"curies":[{"name":"wp","href":"https:\/\/api.w.org\/{rel}","templated":true}]}}