{"id":38930,"date":"2025-04-20T13:02:12","date_gmt":"2025-04-20T13:02:12","guid":{"rendered":"https:\/\/www.europesays.com\/fr\/38930\/"},"modified":"2025-04-20T13:02:12","modified_gmt":"2025-04-20T13:02:12","slug":"la-proprietaire-de-lhotel-de-la-cite-radieuse-a-tenu-son-pari","status":"publish","type":"post","link":"https:\/\/www.europesays.com\/fr\/38930\/","title":{"rendered":"la propri\u00e9taire de l\u2019h\u00f4tel de la Cit\u00e9 radieuse a tenu son pari"},"content":{"rendered":"<p>Dans le hall, au rez-de-chauss\u00e9e, on parle anglais, espagnol ou allemand. Des groupes viennent aussi d\u2019Europe de l\u2019Est, d\u2019autres d\u2019Asie. \u00c0 <a href=\"https:\/\/www.laprovence.com\/article\/edition-marseille\/6310445\/une-icone-architecturale-qui-continue-de-vivre.html\" target=\"_blank\" rel=\"noopener\">la Cit\u00e9 radieuse<\/a>, toutes les nationalit\u00e9s se retrouvent autour d\u2019une passion commune\u00a0: l\u2019architecture. Car l\u2019\u00e9difice du boulevard Michelet (8e), imagin\u00e9 entre\u00a01947 et\u00a01952 par Charles-\u00c9douard Jeanneret-Gris, dit Le Corbusier, est c\u00e9l\u00e8bre dans le monde entier. <a href=\"https:\/\/www.laprovence.com\/actu\/en-direct\/6300987\/le-corbusier-a-marseille-un-hotel-emblematique-pour-un-site-de-voyages.html\" target=\"_blank\" rel=\"noopener\">L\u2019h\u00f4tel, qui occupe les 3e et 4e \u00e9tages<\/a> de cet immeuble class\u00e9 au patrimoine mondial de l\u2019Unesco, aussi. \u00ab\u00a0Non, nuance Dominique Gerardin. Il est tr\u00e8s connu partout, sauf \u00e0 Marseille\u00a0! Ici, c\u2019est surtout l\u2019Intercontinental ou le Sofitel sur le Vieux-Port, la carte postale. D\u2019ailleurs \u00e0 Marseille, nous n\u2019avons <a href=\"https:\/\/www.laprovence.com\/article\/edition-marseille\/4239455\/le-corbusier-classe-mais-pas-aide.html\" target=\"_blank\" rel=\"noopener\">jamais re\u00e7u de reconnaissance<\/a>, de petite attention ou d\u2019encouragements.\u00a0\u00bb Consolation\u00a0: le Gault &amp; Millau l\u2019a class\u00e9 dans son top 5 des h\u00f4tels mythiques o\u00f9 s\u00e9journer en France.<\/p>\n","protected":false},"excerpt":{"rendered":"Dans le hall, au rez-de-chauss\u00e9e, on parle anglais, espagnol ou allemand. Des groupes viennent aussi d\u2019Europe de l\u2019Est,&hellip;\n","protected":false},"author":2,"featured_media":38931,"comment_status":"","ping_status":"","sticky":false,"template":"","format":"standard","meta":{"footnotes":""},"categories":[2814],"tags":[17,1111,11,11911,12169,1777,674,4560,1011,27,12168,12170,884,12,12167,8297,882,16,25],"class_list":{"0":"post-38930","1":"post","2":"type-post","3":"status-publish","4":"format-standard","5":"has-post-thumbnail","7":"category-marseille","8":"tag-17","9":"tag-actu","10":"tag-actualites","11":"tag-cite","12":"tag-corbusier","13":"tag-eu","14":"tag-europe","15":"tag-faire","16":"tag-fr","17":"tag-france","18":"tag-lame","19":"tag-lhotel","20":"tag-marseille","21":"tag-news","22":"tag-perdurer","23":"tag-proprietaire","24":"tag-provence-alpes-cote-dazur","25":"tag-region","26":"tag-republique-francaise"},"share_on_mastodon":{"url":"https:\/\/pubeurope.com\/@fr\/114370428482074028","error":""},"_links":{"self":[{"href":"https:\/\/www.europesays.com\/fr\/wp-json\/wp\/v2\/posts\/38930","targetHints":{"allow":["GET"]}}],"collection":[{"href":"https:\/\/www.europesays.com\/fr\/wp-json\/wp\/v2\/posts"}],"about":[{"href":"https:\/\/www.europesays.com\/fr\/wp-json\/wp\/v2\/types\/post"}],"author":[{"embeddable":true,"href":"https:\/\/www.europesays.com\/fr\/wp-json\/wp\/v2\/users\/2"}],"replies":[{"embeddable":true,"href":"https:\/\/www.europesays.com\/fr\/wp-json\/wp\/v2\/comments?post=38930"}],"version-history":[{"count":0,"href":"https:\/\/www.europesays.com\/fr\/wp-json\/wp\/v2\/posts\/38930\/revisions"}],"wp:featuredmedia":[{"embeddable":true,"href":"https:\/\/www.europesays.com\/fr\/wp-json\/wp\/v2\/media\/38931"}],"wp:attachment":[{"href":"https:\/\/www.europesays.com\/fr\/wp-json\/wp\/v2\/media?parent=38930"}],"wp:term":[{"taxonomy":"category","embeddable":true,"href":"https:\/\/www.europesays.com\/fr\/wp-json\/wp\/v2\/categories?post=38930"},{"taxonomy":"post_tag","embeddable":true,"href":"https:\/\/www.europesays.com\/fr\/wp-json\/wp\/v2\/tags?post=38930"}],"curies":[{"name":"wp","href":"https:\/\/api.w.org\/{rel}","templated":true}]}}