{"id":389300,"date":"2025-09-14T03:11:11","date_gmt":"2025-09-14T03:11:11","guid":{"rendered":"https:\/\/www.europesays.com\/fr\/389300\/"},"modified":"2025-09-14T03:11:11","modified_gmt":"2025-09-14T03:11:11","slug":"sekou-23-ans-le-fils-daudrey-crespo-mara-et-beau-fils-de-thierry-ardisson-fait-deja-parler-de-lui","status":"publish","type":"post","link":"https:\/\/www.europesays.com\/fr\/389300\/","title":{"rendered":"S\u00e9kou (23 ans), le fils d\u2019Audrey Crespo-Mara et beau-fils de Thierry Ardisson, fait d\u00e9j\u00e0 parler de lui"},"content":{"rendered":"<p>Depuis la disparition de Thierry Ardisson, la <strong>vie d\u2019Audrey Crespo-Mara<\/strong> est scrut\u00e9e de pr\u00e8s. Pr\u00e9sentatrice des JT du week-end de TF1 et visage embl\u00e9matique de l\u2019\u00e9mission Sept \u00e0 Huit, la journaliste a vu son quotidien gagner en visibilit\u00e9. Ses deux fils, ainsi que les trois enfants que Thierry Ardisson avait eus avec B\u00e9atrice Loustalan, Ninon, Manon et Gaston, apparaissent d\u00e9sormais plus souvent dans l\u2019actualit\u00e9 et <strong>attisent la curiosit\u00e9 du public<\/strong>.<\/p>\n<p>    S\u00e9kou Mara, passionn\u00e9 de football devenu pro <\/p>\n<p><a href=\"https:\/\/www.grazia.fr\/people\/il-a-ete-tres-courageux-sans-filtre-audrey-crespo-mara-raconte-les-derniers-instants-de-thierry-ardisson-1184113.html\" rel=\"nofollow noopener\" target=\"_blank\">Audrey Crespo-Mara et Thierry Ardisson<\/a> n\u2019ont pas eu d\u2019enfants ensemble, mais chacun \u00e9tait parent avant leur rencontre. La journaliste a deux gar\u00e7ons, <strong>S\u00e9kou et Lamine<\/strong>, n\u00e9s de son union avec l\u2019entrepreneur Aliou Mara. C\u2019est l\u2019a\u00een\u00e9 de la fratrie, S\u00e9kou, qui<strong> attire aujourd\u2019hui l\u2019attention<\/strong> et suscite l\u2019admiration des amateurs de football.<\/p>\n<p>\u00c0 23 ans, le jeune homme a choisi de faire de sa passion pour le ballon rond son m\u00e9tier. Sa m\u00e8re avait d\u00e9j\u00e0 confi\u00e9 combien cette<strong> vocation s\u2019\u00e9tait manifest\u00e9e t\u00f4t<\/strong>. \u00ab Il est n\u00e9 avec un ballon au pied. Il a \u00e9t\u00e9<strong> rep\u00e9r\u00e9 par le PSG \u00e0 8 ans<\/strong> et cinq ans plus tard, il rejoignait Clairefontaine. Je n\u2019\u00e9tais pas du tout pr\u00eate \u00e0 voir mon fils partir, loin de moi, \u00e0 13 ans. Mais j\u2019avais \u00e0 c\u0153ur de l\u2019aider \u00e0 r\u00e9aliser son r\u00eave \u00bb, racontait-elle dans <a href=\"https:\/\/tvmag.lefigaro.fr\/programme-tv\/actu-tele\/audrey-crespo-mara-apres-40-ans-on-s-apaise-on-profite-20250306\" target=\"_blank\" rel=\"nofollow noopener\">TV Mag<\/a>. Ce r\u00eave est aujourd\u2019hui une r\u00e9alit\u00e9 puisqu\u2019il \u00e9volue en professionnel.<\/p>\n<p>    Un nouveau d\u00e9fi pour S\u00e9kou Mara <\/p>\n<p><strong>S\u00e9kou Mara<\/strong> portait jusque-l\u00e0 le maillot du RC Strasbourg, mais la rentr\u00e9e 2025 a marqu\u00e9 un tournant. Comme souvent au moment du mercato, l\u2019avenir des joueurs se d\u00e9cide rapidement. L\u2019attaquant a ainsi<strong> rejoint l\u2019AJ Auxerre<\/strong> sous la forme d\u2019un pr\u00eat d\u2019une saison. \u00ab L\u2019AJ Auxerre est heureuse d\u2019annoncer le pr\u00eat pour une saison, sans option d\u2019achat, de S\u00e9kou Mara, en provenance du RC Strasbourg. S\u00e9kou, bienvenue \u00e0 l\u2019AJA ! \u00bb a publi\u00e9 le club sur ses r\u00e9seaux sociaux, accompagn\u00e9 de photos du joueur rayonnant <strong>dans son nouveau maillot<\/strong>.<\/p>\n<p>Cette nouvelle aurait <a href=\"https:\/\/www.grazia.fr\/people\/jaurai-pu-etre-patron-de-ce-metier-surprenant-que-thierry-ardisson-aurait-fait-sans-la-tele-1173132.html\" rel=\"nofollow noopener\" target=\"_blank\">sans doute rempli de fiert\u00e9 Thierry Ardisson<\/a>, passionn\u00e9 de football et toujours pr\u00e9sent pour <strong>soutenir les enfants<\/strong> de sa compagne. \u00ab Thierry ne remplace pas leur p\u00e8re, mais, quand ils ont eu besoin de lui, il a toujours \u00e9t\u00e9 l\u00e0. Quand S\u00e9kou joue \u00e0 Paris, il assiste au match. Il a pass\u00e9 plus d\u2019ann\u00e9es avec Lamine, dont il est tr\u00e8s proche. Ils parlent beaucoup d\u2019histoire, de litt\u00e9rature, de politique\u2026 Thierry et mes enfants, <strong>\u00e7a s\u2019est fait tr\u00e8s naturellement<\/strong> \u00bb, avait confi\u00e9 Audrey Crespo-Mara.<\/p>\n<blockquote class=\"instagram-media \" style=\"background: #ffffff;border: 0;margin: 1px;width: 100%;padding: 0;max-width: 500px;\" data-instgrm-permalink=\"https:\/\/www.instagram.com\/p\/DOOk8BkjESF\/\" data-instgrm-version=\"14\"\/><p> Audrey Crespo-Mara, t\u00e9moin des d\u00e9buts prometteurs de S\u00e9kou <\/p>\n<p>La complicit\u00e9 entre l\u2019homme de t\u00e9l\u00e9vision et le jeune footballeur \u00e9tait telle qu\u2019elle avait <strong>tir\u00e9 des larmes \u00e0 Thierry Ardisson<\/strong> lors de l\u2019une de ses derni\u00e8res interventions m\u00e9diatiques. Le 20 octobre 2024, sur le plateau de C M\u00e9diatique sur France 5, il d\u00e9clarait : \u00ab J\u2019ai eu les larmes aux yeux hier soir au Parc des Princes parce que le fils d\u2019Audrey a marqu\u00e9 le but de Strasbourg <strong>contre le Paris Saint-Germain<\/strong>. \u00bb Ce but, le premier de S\u00e9kou Mara en Ligue 1, restera un moment charni\u00e8re dans le d\u00e9but de sa carri\u00e8re.<\/p>\n<p>Aujourd\u2019hui, S\u00e9kou Mara d\u00e9bute une <strong>nouvelle page de son parcours<\/strong> en Ligue 1 sous les couleurs de l\u2019AJ Auxerre, avec l\u2019envie de confirmer son talent et de franchir un cap suppl\u00e9mentaire. <a href=\"https:\/\/www.grazia.fr\/beaute\/forme-minceur\/audrey-crespo-mara-49-ans-voici-la-collation-etonnante-quelle-deguste-avant-le-jt-pour-ne-pas-avoir-faim-a-lantenne-1185592.html\" rel=\"nofollow noopener\" target=\"_blank\">Audrey Crespo-Mara continue de l\u2019encourager<\/a> avec discr\u00e9tion, partageant parfois <strong>sa fiert\u00e9 de m\u00e8re<\/strong>, tout en veillant \u00e0 pr\u00e9server ses enfants de l\u2019exposition m\u00e9diatique.<\/p>\n<p>                <script async src=\"\/\/www.instagram.com\/embed.js\"><\/script><\/p>\n","protected":false},"excerpt":{"rendered":"Depuis la disparition de Thierry Ardisson, la vie d\u2019Audrey Crespo-Mara est scrut\u00e9e de pr\u00e8s. Pr\u00e9sentatrice des JT du&hellip;\n","protected":false},"author":2,"featured_media":389301,"comment_status":"","ping_status":"","sticky":false,"template":"","format":"standard","meta":{"footnotes":""},"categories":[1359],"tags":[58,59,1011,27,973],"class_list":{"0":"post-389300","1":"post","2":"type-post","3":"status-publish","4":"format-standard","5":"has-post-thumbnail","7":"category-people","8":"tag-divertissement","9":"tag-entertainment","10":"tag-fr","11":"tag-france","12":"tag-people"},"share_on_mastodon":{"url":"https:\/\/pubeurope.com\/@fr\/115200464258375541","error":""},"_links":{"self":[{"href":"https:\/\/www.europesays.com\/fr\/wp-json\/wp\/v2\/posts\/389300","targetHints":{"allow":["GET"]}}],"collection":[{"href":"https:\/\/www.europesays.com\/fr\/wp-json\/wp\/v2\/posts"}],"about":[{"href":"https:\/\/www.europesays.com\/fr\/wp-json\/wp\/v2\/types\/post"}],"author":[{"embeddable":true,"href":"https:\/\/www.europesays.com\/fr\/wp-json\/wp\/v2\/users\/2"}],"replies":[{"embeddable":true,"href":"https:\/\/www.europesays.com\/fr\/wp-json\/wp\/v2\/comments?post=389300"}],"version-history":[{"count":0,"href":"https:\/\/www.europesays.com\/fr\/wp-json\/wp\/v2\/posts\/389300\/revisions"}],"wp:featuredmedia":[{"embeddable":true,"href":"https:\/\/www.europesays.com\/fr\/wp-json\/wp\/v2\/media\/389301"}],"wp:attachment":[{"href":"https:\/\/www.europesays.com\/fr\/wp-json\/wp\/v2\/media?parent=389300"}],"wp:term":[{"taxonomy":"category","embeddable":true,"href":"https:\/\/www.europesays.com\/fr\/wp-json\/wp\/v2\/categories?post=389300"},{"taxonomy":"post_tag","embeddable":true,"href":"https:\/\/www.europesays.com\/fr\/wp-json\/wp\/v2\/tags?post=389300"}],"curies":[{"name":"wp","href":"https:\/\/api.w.org\/{rel}","templated":true}]}}