{"id":389302,"date":"2025-09-14T03:12:11","date_gmt":"2025-09-14T03:12:11","guid":{"rendered":"https:\/\/www.europesays.com\/fr\/389302\/"},"modified":"2025-09-14T03:12:11","modified_gmt":"2025-09-14T03:12:11","slug":"un-chevreuil-rarissime-photographie-par-marc-berat","status":"publish","type":"post","link":"https:\/\/www.europesays.com\/fr\/389302\/","title":{"rendered":"un chevreuil rarissime photographi\u00e9 par Marc B\u00e9rat"},"content":{"rendered":"<p>            Par<br \/>\n        <strong><br \/>\n            <a href=\"https:\/\/actu.fr\/auteur\/journaliste-br\" title=\"Consulter tous les articles de R\u00e9daction Coulommiers\" target=\"_blank\" rel=\"noopener\">R\u00e9daction Coulommiers<\/a><br \/>\n        <\/strong><\/p>\n<p>        Publi\u00e9 le<\/p>\n<p>            13 sept. 2025 \u00e0 19h30        <\/p>\n<p aria-hidden=\"true\">Dans un secteur qui ne sera pas pr\u00e9cis\u00e9 autrement qu\u2019il est pr\u00e9sent dans le Sud-Ouest Marnais, afin d\u2019assurer la tranquillit\u00e9 de ce chevreuil, Marc B\u00e9rat, photographe animalier originaire de Montmirail, a r\u00e9ussi une s\u00e9rie de photographies de cet animal particulier. Il raconte la r\u00e9alisation de ces photographies exceptionnelles.<\/p>\n<p>L\u2019histoire de ces photos<\/p>\n<p class=\" wall-content\">\u00ab Ce chevreuil est n\u00e9 cette ann\u00e9e dans le secteur sur lequel j\u2019ai l\u2019habitude de photographier la faune de notre belle r\u00e9gion \u00bb, pr\u00e9cise Marc B\u00e9rat. \u00ab Durant pr\u00e8s de trois mois, je l\u2019ai suivi dans ses d\u00e9placements. Son secteur \u00e9tait tr\u00e8s vaste et la m\u00e8re et ses deux faons parcouraient parfois de grandes distances. Il m\u2019est arriv\u00e9 de les observer sur des spots distants de deux kilom\u00e8tres. Le groupe de ces trois chevreuils est tr\u00e8s mobile, se d\u00e9place et \u00e9volue quasi exclusivement en plaine, \u00e0 proximit\u00e9 de champs de ma\u00efs. \u00bb<\/p>\n<p class=\" wall-content\">Apr\u00e8s une attente jusqu\u2019\u00e0 ce mois de septembre que Marc B\u00e9rat a \u00ab pu obtenir les images que je souhaitais avoir \u00bb, poursuit le photographe. En effet, \u00ab leurs heures de sorties \u00e9taient tr\u00e8s al\u00e9atoires et les rendez-vous tr\u00e8s incertains d\u2019une journ\u00e9e \u00e0 l\u2019autre. \u00bb Marc B\u00e9rat a donc finalement r\u00e9ussi une extraordinaire <b>s\u00e9rie de photos avec ce faon blanc<\/b> que l\u2019on voit \u00e9voluer avec son fr\u00e8re et sa m\u00e8re sous un \u00e9clairage automnal. \u00ab Ce soir-l\u00e0 \u00e9tait fantastique et j\u2019ai pu profiter d\u2019une superbe proximit\u00e9 avec les animaux. Dans la nature, tout est possible, patience et longueur de temps finissent toujours par payer. \u00bb<\/p>\n<p>Chevreuil albinos ou leucique ?<\/p>\n<p class=\" wall-content\">Ce faon blanc <b>n\u2019est pas un albinos<\/b>, mais un <b>faon leucique<\/b>, comme l\u2019explique Marc B\u00e9rat. \u00ab C\u2019est un animal dit leucique, car ses pupilles ainsi que le bout de son museau et ses sabots sont noirs, contrairement \u00e0 un albinos qui pr\u00e9sente une d\u00e9pigmentation totale de l\u2019animal. Il s\u2019agit d\u2019<b>une curiosit\u00e9 g\u00e9n\u00e9tique<\/b> qui n\u2019est en rien une d\u00e9g\u00e9n\u00e9rescence. Elle touche <b>un animal sur plusieurs milliers<\/b> et reste tr\u00e8s rare. \u00bb<\/p>\n<p class=\" wall-content\">Pierre Zacharie, ing\u00e9nieur des Services V\u00e9t\u00e9rinaires et Expert r\u00e9f\u00e9rent en pathologies des grands gibiers et en hygi\u00e8ne de la venaison, a transmis des informations compl\u00e9mentaires \u00e0 la f\u00e9d\u00e9ration des chasseurs de l\u2019Is\u00e8re en 2021 : \u00ab Le leucisme, ou l\u2019albinisme partiel, est une anomalie du m\u00eame type que l\u2019albinisme, mais limit\u00e9e \u00e0 certaines zones du corps. La cause est \u00e9galement g\u00e9n\u00e9tique. Par contre, <b>l\u2019enzyme tyrosinase est bien pr\u00e9sente<\/b>, mais en d\u00e9ficit. Il n\u2019y a alors qu\u2019une migration partielle des pigments m\u00e9laniques et la peau des animaux concern\u00e9s reste donc pigment\u00e9e. Les animaux sont blancs ou partiellement, mais leurs yeux, dont l\u2019iris, onglons et becs, restent de couleur habituelle. Le leucisme peut se transmettre \u00e0 la g\u00e9n\u00e9ration suivante sans que les deux adultes soient porteurs de l\u2019anomalie. Par contre, tout comme les individus albinos, les animaux leuciques sont <b>plus vuln\u00e9rables \u00e0 la pr\u00e9dation.<\/b> \u00bb<\/p>\n<p>Une mal\u00e9diction pour ces animaux n\u00e9s blancs<\/p>\n<p class=\" wall-content\">Marc B\u00e9rat rappelle que \u00ab na\u00eetre blanc, pour un animal sauvage, <b>est une mal\u00e9diction<\/b> et je suis bien conscient des menaces qui planent au-dessus de sa t\u00eate. \u00bb Car ils sont des proies plus faciles \u00e0 identifier par leurs pr\u00e9dateurs, dont les humains : \u00ab Je pense que tout passionn\u00e9 comme moi r\u00eave <b>d\u2019un tel troph\u00e9e<\/b> \u00bb, s\u2019exclamait un chasseur, qui venait d\u2019en abattre un, dans Chassons.com en 2015. Pour la beaut\u00e9 de la faune du territoire, on pourrait esp\u00e9rer que celui photographi\u00e9 par Marc B\u00e9rat puisse vivre de longues ann\u00e9es. On peut toujours esp\u00e9rer, comme semble le conclure le photographe : \u00ab Ma qu\u00eate \u00e9tait aussi une course contre-la-montre, une course effr\u00e9n\u00e9e pour, <b>\u00e0 jamais, le rendre immortel<\/b>. \u00bb<\/p>\n<p class=\" wall-content\">Personnalisez votre actualit\u00e9 en ajoutant vos villes et m\u00e9dias en favori avec <a href=\"https:\/\/moncompte.actu.fr\" title=\"D\u00e9couvez Mon Actu\" rel=\"nofollow noopener\" data-trk=\"{&quot;cta&quot;:{&quot;action&quot;:&quot;https:\\\/\\\/moncompte.actu.fr&quot;,&quot;category&quot;:&quot;mon compte&quot;,&quot;from&quot;:&quot;article footer&quot;,&quot;name&quot;:&quot;Mon actu&quot;,&quot;type&quot;:&quot;cta&quot;}}\" target=\"_blank\">Mon Actu<\/a>.<\/p>\n","protected":false},"excerpt":{"rendered":"Par R\u00e9daction Coulommiers Publi\u00e9 le 13 sept. 2025 \u00e0 19h30 Dans un secteur qui ne sera pas pr\u00e9cis\u00e9&hellip;\n","protected":false},"author":2,"featured_media":389303,"comment_status":"","ping_status":"","sticky":false,"template":"","format":"standard","meta":{"footnotes":""},"categories":[1358],"tags":[1867,1348,1384,1385,4183,1386,58,59,1011,27,1652,1756],"class_list":{"0":"post-389302","1":"post","2":"type-post","3":"status-publish","4":"format-standard","5":"has-post-thumbnail","7":"category-arts-et-design","8":"tag-animaux","9":"tag-arts","10":"tag-arts-and-design","11":"tag-arts-et-design","12":"tag-chasse","13":"tag-design","14":"tag-divertissement","15":"tag-entertainment","16":"tag-fr","17":"tag-france","18":"tag-loisirs-culture","19":"tag-photographie"},"share_on_mastodon":{"url":"https:\/\/pubeurope.com\/@fr\/115200468143592439","error":""},"_links":{"self":[{"href":"https:\/\/www.europesays.com\/fr\/wp-json\/wp\/v2\/posts\/389302","targetHints":{"allow":["GET"]}}],"collection":[{"href":"https:\/\/www.europesays.com\/fr\/wp-json\/wp\/v2\/posts"}],"about":[{"href":"https:\/\/www.europesays.com\/fr\/wp-json\/wp\/v2\/types\/post"}],"author":[{"embeddable":true,"href":"https:\/\/www.europesays.com\/fr\/wp-json\/wp\/v2\/users\/2"}],"replies":[{"embeddable":true,"href":"https:\/\/www.europesays.com\/fr\/wp-json\/wp\/v2\/comments?post=389302"}],"version-history":[{"count":0,"href":"https:\/\/www.europesays.com\/fr\/wp-json\/wp\/v2\/posts\/389302\/revisions"}],"wp:featuredmedia":[{"embeddable":true,"href":"https:\/\/www.europesays.com\/fr\/wp-json\/wp\/v2\/media\/389303"}],"wp:attachment":[{"href":"https:\/\/www.europesays.com\/fr\/wp-json\/wp\/v2\/media?parent=389302"}],"wp:term":[{"taxonomy":"category","embeddable":true,"href":"https:\/\/www.europesays.com\/fr\/wp-json\/wp\/v2\/categories?post=389302"},{"taxonomy":"post_tag","embeddable":true,"href":"https:\/\/www.europesays.com\/fr\/wp-json\/wp\/v2\/tags?post=389302"}],"curies":[{"name":"wp","href":"https:\/\/api.w.org\/{rel}","templated":true}]}}