{"id":389304,"date":"2025-09-14T03:13:16","date_gmt":"2025-09-14T03:13:16","guid":{"rendered":"https:\/\/www.europesays.com\/fr\/389304\/"},"modified":"2025-09-14T03:13:16","modified_gmt":"2025-09-14T03:13:16","slug":"la-foule-des-lecteurs-au-rendez-vous-de-la-braderie-des-mediatheques-ce-samedi-a-vannes","status":"publish","type":"post","link":"https:\/\/www.europesays.com\/fr\/389304\/","title":{"rendered":"La foule des lecteurs au rendez-vous de la braderie des m\u00e9diath\u00e8ques, ce samedi, \u00e0 Vannes"},"content":{"rendered":"<p>Difficile de se frayer un chemin, ce samedi matin, au premier \u00e9tage du Palais des arts, \u00e0 Vannes, entre les files de lecteurs \u00e0 la recherche de livres et de CD \u00e0 tout petit prix. Comme chaque ann\u00e9e, la grande braderie des m\u00e9diath\u00e8ques de Vannes a attir\u00e9 la foule avec 460 personnes pr\u00e9sentes \u00e0 l&rsquo;ouverture.<\/p>\n<p>Pour Olivier et son \u00e9pouse, c\u2019\u00e9tait une premi\u00e8re. Ce couple de Plougoumelen a achet\u00e9 25 romans. \u00ab\u00a0Avant je lisais un livre par an. Depuis, j\u2019ai attrap\u00e9 le virus de la lecture. A ce prix-l\u00e0, il ne fallait pas rater l\u2019occasion\u00a0!\u00a0\u00bb. Anne-Marie, elle, avait pr\u00e9vu le chariot de courses pour la douzaine de livres &#8211; dont certains \u00e0 gros caract\u00e8res &#8211; qu\u2019elle partagera avec sa maman de 80 ans. Chlo\u00e9, abonn\u00e9e de la m\u00e9diath\u00e8que de Tohannic, est repartie avec \u00ab\u00a0six livres pour son fils Ars\u00e8ne et six autres pour son fr\u00e8re, L\u00e9on\u00a0: des documentaires mais aussi des livres d\u00e9j\u00e0 emprunt\u00e9s qu\u2019on a bien aim\u00e9s\u00a0\u00bb. Monique, r\u00e9sidente de Kercado, \u00e9tait, quant \u00e0 elle, ravie d\u2019avoir d\u00e9nich\u00e9 une belle encyclop\u00e9die.<\/p>\n<p>7\u00a0500 documents ont ainsi \u00e9t\u00e9 mis en vente lors de ce grand d\u00e9stockage qui a pour but de leur donner une seconde vie.<\/p>\n","protected":false},"excerpt":{"rendered":"Difficile de se frayer un chemin, ce samedi matin, au premier \u00e9tage du Palais des arts, \u00e0 Vannes,&hellip;\n","protected":false},"author":2,"featured_media":389305,"comment_status":"","ping_status":"","sticky":false,"template":"","format":"standard","meta":{"footnotes":""},"categories":[1357],"tags":[1379,58,59,1011,27,1380,16582,3165],"class_list":{"0":"post-389304","1":"post","2":"type-post","3":"status-publish","4":"format-standard","5":"has-post-thumbnail","7":"category-livres","8":"tag-books","9":"tag-divertissement","10":"tag-entertainment","11":"tag-fr","12":"tag-france","13":"tag-livres","14":"tag-mediatheque","15":"tag-vannes"},"share_on_mastodon":{"url":"https:\/\/pubeurope.com\/@fr\/115200472194535482","error":""},"_links":{"self":[{"href":"https:\/\/www.europesays.com\/fr\/wp-json\/wp\/v2\/posts\/389304","targetHints":{"allow":["GET"]}}],"collection":[{"href":"https:\/\/www.europesays.com\/fr\/wp-json\/wp\/v2\/posts"}],"about":[{"href":"https:\/\/www.europesays.com\/fr\/wp-json\/wp\/v2\/types\/post"}],"author":[{"embeddable":true,"href":"https:\/\/www.europesays.com\/fr\/wp-json\/wp\/v2\/users\/2"}],"replies":[{"embeddable":true,"href":"https:\/\/www.europesays.com\/fr\/wp-json\/wp\/v2\/comments?post=389304"}],"version-history":[{"count":0,"href":"https:\/\/www.europesays.com\/fr\/wp-json\/wp\/v2\/posts\/389304\/revisions"}],"wp:featuredmedia":[{"embeddable":true,"href":"https:\/\/www.europesays.com\/fr\/wp-json\/wp\/v2\/media\/389305"}],"wp:attachment":[{"href":"https:\/\/www.europesays.com\/fr\/wp-json\/wp\/v2\/media?parent=389304"}],"wp:term":[{"taxonomy":"category","embeddable":true,"href":"https:\/\/www.europesays.com\/fr\/wp-json\/wp\/v2\/categories?post=389304"},{"taxonomy":"post_tag","embeddable":true,"href":"https:\/\/www.europesays.com\/fr\/wp-json\/wp\/v2\/tags?post=389304"}],"curies":[{"name":"wp","href":"https:\/\/api.w.org\/{rel}","templated":true}]}}