{"id":389306,"date":"2025-09-14T03:14:23","date_gmt":"2025-09-14T03:14:23","guid":{"rendered":"https:\/\/www.europesays.com\/fr\/389306\/"},"modified":"2025-09-14T03:14:23","modified_gmt":"2025-09-14T03:14:23","slug":"la-video-fait-le-buzz","status":"publish","type":"post","link":"https:\/\/www.europesays.com\/fr\/389306\/","title":{"rendered":"la vid\u00e9o fait le buzz"},"content":{"rendered":"<p>Lors de la derni\u00e8re saison de Secret Story, Anita a retrouv\u00e9 son<br \/>\nex, Noah, avec qui elle a partag\u00e9 comme secret : \u00ab\u00a0Notre<br \/>\nhistoire pass\u00e9e lie notre destin dans la maison\u00a0\u00bb. Ces derniers<br \/>\nont bien tent\u00e9 de se donner une nouvelle chance, mais par manque de<br \/>\ncommunication, ils n\u00a0\u00bbont pas compris les attentes de l&rsquo;un et de<br \/>\nl&rsquo;autre. En finale de Secret Story touts les deux, ils n&rsquo;ont pas<br \/>\ngagn\u00e9 <a href=\"https:\/\/www.melty.fr\/tele\/secret-story-2025-romy-remporte-la-saison-et-frole-un-record-vieux-de-13-ans-2254862.html\" target=\"_blank\" rel=\"noopener\"><br \/>\nl&rsquo;\u00e9mission qui a \u00e9t\u00e9 remport\u00e9e par Romy<\/a> et sont finalement<br \/>\nrest\u00e9s bons amis.<\/p>\n<p>Noah balance sur sa relation avec Anita<\/p>\n<p>Lors d&rsquo;une interview donn\u00e9e \u00e0 T\u00e9l\u00e9-Loisirs, Noah a d&rsquo;ailleurs<br \/>\n\u00e9voqu\u00e9 la fin de sa relation avec Anita. <strong>\u00ab\u00a0Apr\u00e8s<br \/>\nl&rsquo;aventure et tout ce qu&rsquo;on a pu vivre, je pense qu&rsquo;on a tous les<br \/>\ndeux tir\u00e9 un trait sur la relation. On fait nos chemins chacun de<br \/>\nnotre c\u00f4t\u00e9\u00a0\u00bb<\/strong>, a-t-il d\u00e9clar\u00e9.<\/p>\n<p>\u00ab\u00a0Dans l&rsquo;aventure on ressent les choses fois mille, tout est<br \/>\nd\u00e9cupl\u00e9. Et, oui, il y a des moments o\u00f9 j&rsquo;ai ouvert mon c\u0153ur,<br \/>\nc&rsquo;\u00e9tait sinc\u00e8re et \u00e0 d&rsquo;autres moments c&rsquo;\u00e9tait diff\u00e9rent. <strong>Je<br \/>\nne peux pas parler pour elle, mais selon ce que j&rsquo;ai ressenti, je<br \/>\npense qu&rsquo;il y a eu une incompr\u00e9hension.<\/strong> Apr\u00e8s, je ne dis<br \/>\npas que c&rsquo;est de sa faute ou de la mienne. C&rsquo;est un tout\u00a0\u00bb,<br \/>\na-t-il ensuite ajout\u00e9.<\/p>\n<p>Un rapprochement soudain avec Ethan<\/p>\n<p>\u00c0 la suite de la fin de Secret Story, <a href=\"https:\/\/www.melty.fr\/tele\/coup-de-theatre-ethan-et-anita-secret-story-savouent-leurs-sentiments-tu-as-toujours-2256373.html\" target=\"_blank\" rel=\"noopener\"><br \/>\nAnita a beaucoup \u00e9t\u00e9 vue avec<br \/>\nEthan.<\/a>\u00a0<strong>\u00ab\u00a0Physiquement, elle me pla\u00eet, je le dis<br \/>\nouvertement\u00a0\u00bb<\/strong>, a d\u00e9clar\u00e9 le jeune homme en plein live<br \/>\nTwitch avant qu&rsquo;Anita r\u00e9ponde : \u00ab\u00a0C&rsquo;est vrai que dans la Maison<br \/>\ndes Secrets, je n&rsquo;\u00e9tais pas concentr\u00e9e. Il y a certaines choses que<br \/>\nje n&rsquo;ai pas vu. Mais en voyant les \u00e9dits, \u00e7a m&rsquo;a fait comprendre<br \/>\ncertaines choses. T&rsquo;as toujours \u00e9t\u00e9 gentil et galant avec moi. T&rsquo;as<br \/>\ntoujours \u00e9t\u00e9 l\u00e0 pour moi. Tu me faisais tout le temps des<br \/>\ncompliments. <strong>Je me suis rendue compte que tu \u00e9tais vraiment<br \/>\nun gentleman.<\/strong>\u00ab\u00a0<\/p>\n<p>Tr\u00e8s vite, la toile s&rsquo;est emball\u00e9e et Ethan a fait une mise au<br \/>\npoint : \u00a0\u00ab\u00a0On est de tr\u00e8s bons amis et c&rsquo;est tout. C&rsquo;est<br \/>\nvrai, j&rsquo;ai toujours dit qu&rsquo;Anita \u00e9tait tr\u00e8s belle\u00a0\u00bb. De son<br \/>\nc\u00f4t\u00e9, Anita a pr\u00e9cis\u00e9 : \u00ab\u00a0Il m&rsquo;en veut parce que je l&rsquo;ai trahi<br \/>\ndans le jeu et il estime qu&rsquo;il ne peut pas me faire confiance. Il<br \/>\nse m\u00e9fie de moi.\u00a0\u00bb Ce \u00e0 quoi Ethan a r\u00e9pondu : \u00ab\u00a0Elle a \u00e9t\u00e9<br \/>\nexcellente dans son jeu, elle a voulu me manipuler et elle est<br \/>\narriv\u00e9e en finale, je la f\u00e9licite\u00a0\u00bb.<\/p>\n<blockquote class=\"twitter-tweet\"><p><a class=\"twitter-link\" rel=\"noindex, nofollow noopener\" href=\"https:\/\/twitter.com\/M6\/status\/1966486971854786617#038;ref_url=https%3A%2F%2Fwww.public.fr%2Fanita-secret-story-son-arrivee-dans-une-emission-de-dating-sur-m6-fait-scandale\" target=\"_blank\"><br \/>\n<\/a><\/p><\/blockquote>\n<p>Anita dans Et si on se rencontrait<br \/>\n?<\/p>\n<p><strong>Depuis quelques heures, une vid\u00e9o circule sur les<br \/>\nr\u00e9seaux sociaux montrant Anita dans l&rsquo;\u00e9mission Et si on se<br \/>\nrencontrait ? de M6.<\/strong> De quoi faire r\u00e9agir les internautes,<br \/>\nmais pas que. Une proche d&rsquo;Anita a tweet\u00e9 : \u00ab\u00a0Pour information,<br \/>\nla vid\u00e9o date d&rsquo;il y a deux ans.\u00a0Elle ne devait de base jamais<br \/>\nsortir. Je ne vois pas l&rsquo;int\u00e9r\u00eat de la remettre maintenant sans la<br \/>\npermission d&rsquo;autrui.\u00a0\u00bb De son c\u00f4t\u00e9, la principale int\u00e9ress\u00e9e<br \/>\nn&rsquo;a pas encore r\u00e9agi.<\/p>\n<p><script async src=\"https:\/\/platform.twitter.com\/widgets.js\" charset=\"utf-8\"><\/script><\/p>\n","protected":false},"excerpt":{"rendered":"Lors de la derni\u00e8re saison de Secret Story, Anita a retrouv\u00e9 son ex, Noah, avec qui elle a&hellip;\n","protected":false},"author":2,"featured_media":389307,"comment_status":"","ping_status":"","sticky":false,"template":"","format":"standard","meta":{"footnotes":""},"categories":[1356],"tags":[58,59,1011,27,29901,252,1364],"class_list":{"0":"post-389306","1":"post","2":"type-post","3":"status-publish","4":"format-standard","5":"has-post-thumbnail","7":"category-television","8":"tag-divertissement","9":"tag-entertainment","10":"tag-fr","11":"tag-france","12":"tag-secret-story","13":"tag-television","14":"tag-tv"},"share_on_mastodon":{"url":"https:\/\/pubeurope.com\/@fr\/115200476404320768","error":""},"_links":{"self":[{"href":"https:\/\/www.europesays.com\/fr\/wp-json\/wp\/v2\/posts\/389306","targetHints":{"allow":["GET"]}}],"collection":[{"href":"https:\/\/www.europesays.com\/fr\/wp-json\/wp\/v2\/posts"}],"about":[{"href":"https:\/\/www.europesays.com\/fr\/wp-json\/wp\/v2\/types\/post"}],"author":[{"embeddable":true,"href":"https:\/\/www.europesays.com\/fr\/wp-json\/wp\/v2\/users\/2"}],"replies":[{"embeddable":true,"href":"https:\/\/www.europesays.com\/fr\/wp-json\/wp\/v2\/comments?post=389306"}],"version-history":[{"count":0,"href":"https:\/\/www.europesays.com\/fr\/wp-json\/wp\/v2\/posts\/389306\/revisions"}],"wp:featuredmedia":[{"embeddable":true,"href":"https:\/\/www.europesays.com\/fr\/wp-json\/wp\/v2\/media\/389307"}],"wp:attachment":[{"href":"https:\/\/www.europesays.com\/fr\/wp-json\/wp\/v2\/media?parent=389306"}],"wp:term":[{"taxonomy":"category","embeddable":true,"href":"https:\/\/www.europesays.com\/fr\/wp-json\/wp\/v2\/categories?post=389306"},{"taxonomy":"post_tag","embeddable":true,"href":"https:\/\/www.europesays.com\/fr\/wp-json\/wp\/v2\/tags?post=389306"}],"curies":[{"name":"wp","href":"https:\/\/api.w.org\/{rel}","templated":true}]}}