{"id":389315,"date":"2025-09-14T03:20:31","date_gmt":"2025-09-14T03:20:31","guid":{"rendered":"https:\/\/www.europesays.com\/fr\/389315\/"},"modified":"2025-09-14T03:20:31","modified_gmt":"2025-09-14T03:20:31","slug":"test-asus-vivobook-s14-m3407ka-notre-avis-complet-pc-portables","status":"publish","type":"post","link":"https:\/\/www.europesays.com\/fr\/389315\/","title":{"rendered":"Test Asus Vivobook S14 (M3407KA) : notre avis complet &#8211; PC portables"},"content":{"rendered":"<p>Les prix donnent l\u2019impression de ne vouloir qu\u2019augmenter sur ces derni\u00e8res ann\u00e9es. Et quelque peu ironiquement, nous avons aussi l\u2019impression que tous les constructeurs cherchent \u00e0 devenir toujours plus premium parall\u00e8lement. Reste-t-il encore des options pour la majorit\u00e9 des acheteurs du march\u00e9, qui cherchent avant tout \u00e0 rester en dessous de la barre symbolique des 1000 euros ?<\/p>\n<p>Le constructeur ta\u00efwanais Asus n\u2019a pas dit son dernier mot. Bien qu\u2019il fasse partie de ces constructeurs ne cessant jamais d\u2019augmenter en qualit\u00e9 de fabrication, et donc par essence de faire grimper ses tarifs, le Vivobook S14 r\u00e9ussit \u00e0 ne pas suivre la tendance en offrant une configuration comp\u00e9tente dans un corps bien travaill\u00e9. <\/p>\n<p>&#13;<\/p>\n<p>Fiche technique<\/p>\n<tr>\n        Mod\u00e8le<br \/>\n                <a href=\"https:\/\/www.frandroid.com\/produits\/pc-portables\/asus\/2746559-asus-vivobook-s14-m3407ka\" rel=\"nofollow noopener\" target=\"_blank\">Asus Vivobook S14 (M3407KA)<\/a><br \/>\n            <\/tr>\n<tr>\n<td>Dimensions<\/td>\n<td data-product=\"Asus Vivobook S14 (M3407KA)\">\n                                    315,2 mm x 18,6 mm                            <\/td>\n<\/tr>\n<tr>\n<td>Technologie d\u2019affichage<\/td>\n<td data-product=\"Asus Vivobook S14 (M3407KA)\">\n                                    OLED                            <\/td>\n<\/tr>\n<tr>\n<td>\u00c9cran tactile<\/td>\n<td data-product=\"Asus Vivobook S14 (M3407KA)\">\n                                    Non                            <\/td>\n<\/tr>\n<tr>\n<td>Processeur (CPU)<\/td>\n<td data-product=\"Asus Vivobook S14 (M3407KA)\">\n                                    Ryzen AI 7 350                            <\/td>\n<\/tr>\n<tr>\n<td>Puce graphique (GPU)<\/td>\n<td data-product=\"Asus Vivobook S14 (M3407KA)\">\n                                    AMD Radeon                            <\/td>\n<\/tr>\n<tr>\n<td>M\u00e9moire vive (RAM)<\/td>\n<td data-product=\"Asus Vivobook S14 (M3407KA)\">\n                                    16 Go                            <\/td>\n<\/tr>\n<tr>\n<td>M\u00e9moire interne<\/td>\n<td data-product=\"Asus Vivobook S14 (M3407KA)\">\n                                    512, 1024 Go                            <\/td>\n<\/tr>\n<tr>\n<td>Apparence<\/td>\n<td data-product=\"Asus Vivobook S14 (M3407KA)\">\n                                    Plastique                            <\/td>\n<\/tr>\n<tr>\n<td>Syst\u00e8me d\u2019exploitation (OS)<\/td>\n<td data-product=\"Asus Vivobook S14 (M3407KA)\">\n                                    Microsoft Windows 11                            <\/td>\n<\/tr>\n<tr>\n<td>Poids<\/td>\n<td data-product=\"Asus Vivobook S14 (M3407KA)\">\n                                    1400 grammes                            <\/td>\n<\/tr>\n<tr>\n<td>Profondeur<\/td>\n<td data-product=\"Asus Vivobook S14 (M3407KA)\">\n                                    223,4 mm                            <\/td>\n<\/tr>\n<tr>\n<td class=\"lead-link-wrapper\">\n                                                                <\/td>\n<td data-product=\"Asus Vivobook S14 (M3407KA)\">\n                                <a class=\"button fr-button fr-button--pink fr-button--fullwidth has-text-centered\" href=\"https:\/\/www.frandroid.com\/produits\/pc-portables\/asus\/2746559-asus-vivobook-s14-m3407ka\" rel=\"nofollow noopener\" target=\"_blank\">Fiche produit<\/a>\n                            <\/td>\n<\/tr>\n<p>La machine est pr\u00eat\u00e9e par Asus pour ce test.<\/p>\n<p>&#13;<\/p>\n<p>Design<\/p>\n<p>Ce qui est amusant visuellement avec cet Asus Vivobook S14 est qu\u2019il met en avant essentiellement le m\u00eame design qui \u00e9tait consid\u00e9r\u00e9 comme premium il y a 5 ans de cela. Compl\u00e8tement m\u00e9tallique, extr\u00eamement sobre, il sort de cette id\u00e9e voulant qu\u2019un ordinateur sous la barre des 1000 euros est forc\u00e9ment en plastique ou d\u2019une qualit\u00e9 de construction douteuse.<\/p>\n<p><a target=\"_blank\" href=\"https:\/\/images.frandroid.com\/wp-content\/uploads\/2025\/09\/asus-vivobook-s14-2025-test-01.jpg\" class=\"article-content__figure\" rel=\"nofollow noopener\"><img fetchpriority=\"high\" loading=\"eager\" decoding=\"async\" width=\"1200\" height=\"675\" src=\"https:\/\/www.europesays.com\/fr\/wp-content\/uploads\/2025\/09\/asus-vivobook-s14-2025-test-01-1200x675.jpg\" alt=\"\" class=\"wp-image-2779827 wp-image\"  \/><\/a>Cr\u00e9dit photo : OtaXou<\/p>\n<p>Pour \u00eatre honn\u00eate, il est ici difficile de ressortir des points positifs comme des points n\u00e9gatifs, puisque le Vivobook S14 sous nos yeux est tout simplement\u2026 dans les clous. Son poids de 1,4 kilogramme n\u2019en fait pas le plus l\u00e9ger du march\u00e9, son \u00e9paisseur de 1,59 centim\u00e8tre n\u2019en fait pas le plus fin non plus, mais soyons s\u00e9rieux : nous sommes bien sur un ultrabook. <\/p>\n<p><a target=\"_blank\" href=\"https:\/\/images.frandroid.com\/wp-content\/uploads\/2025\/09\/asus-vivobook-s14-2025-test-03.jpg\" class=\"article-content__figure\" rel=\"nofollow noopener\"><img loading=\"lazy\" decoding=\"async\" width=\"1200\" height=\"675\" src=\"https:\/\/www.europesays.com\/fr\/wp-content\/uploads\/2025\/09\/asus-vivobook-s14-2025-test-03-1200x675.jpg\" alt=\"\" class=\"wp-image-2779829 wp-image\"  \/><\/a>Cr\u00e9dit photo : OtaXou<\/p>\n<p>Un ultrabook tr\u00e8s bien construit, au feeling g\u00e9n\u00e9ral plut\u00f4t haut de gamme, qui souligne comme le constructeur sait proprement cacher aujourd\u2019hui les sacrifices n\u00e9cessaires pour atteindre un tel prix. \u00c9videmment, nous finirons par les voir au cours de ce test.<\/p>\n<p>Clavier et pav\u00e9 tactile<\/p>\n<p>Et non, ce ne sera pas particuli\u00e8rement ici. Si Asus nous a habitu\u00e9 \u00e0 nous offrir des touches tr\u00e8s molles sur ses mod\u00e8les d\u2019entr\u00e9e de gamme, le Vivobook S14 va plut\u00f4t dans l\u2019am\u00e9lioration ici. Alors oui, nous sommes toujours sur des switchs de portable tr\u00e8s classiques, mais la marque a raffermi tr\u00e8s l\u00e9g\u00e8rement le feeling et a augment\u00e9 la course de ses touches ici, en faisant une configuration tr\u00e8s confortable au quotidien. <\/p>\n<p><a target=\"_blank\" href=\"https:\/\/images.frandroid.com\/wp-content\/uploads\/2025\/09\/asus-vivobook-s14-2025-test-04.jpg\" class=\"article-content__figure\" rel=\"nofollow noopener\"><img loading=\"lazy\" decoding=\"async\" width=\"1200\" height=\"675\" src=\"https:\/\/www.europesays.com\/fr\/wp-content\/uploads\/2025\/09\/asus-vivobook-s14-2025-test-04-1200x675.jpg\" alt=\"\" class=\"wp-image-2779833 wp-image\"  \/><\/a>Cr\u00e9dit photo : OtaXou<\/p>\n<p>Le pav\u00e9 tactile est \u00e9galement, pour ce format 14 pouces contenu, tr\u00e8s large et \u00e0 la glisse ais\u00e9e. Un vrai plaisir au quotidien.<\/p>\n<p>Connectique<\/p>\n<p>C\u2019est sur la connectique que l\u2019on commence \u00e0 voir quelques choix d\u00e9termin\u00e9s s\u00fbrement par des restrictions financi\u00e8res. Par exemple, nous retrouvons \u00e0 gauche un port USB-C 3.2 Gen 1, un port HDMI 2.1, un port USB A 3.2 Gen 1, un port USB-C 3.2 Gen 1 et un combo jack. \u00c0 droite, nous n\u2019avons qu\u2019un simple port USB A 3.2 Gen 1.<\/p>\n<p><a target=\"_blank\" href=\"https:\/\/images.frandroid.com\/wp-content\/uploads\/2025\/09\/asus-vivobook-s14-2025-test-05.jpg\" class=\"article-content__figure\" rel=\"nofollow noopener\"><img loading=\"lazy\" decoding=\"async\" width=\"1200\" height=\"675\" src=\"https:\/\/www.europesays.com\/fr\/wp-content\/uploads\/2025\/09\/asus-vivobook-s14-2025-test-05-1200x675.jpg\" alt=\"\" class=\"wp-image-2779831 wp-image\"  \/><\/a>Cr\u00e9dit photo : OtaXou<\/p>\n<p>La connectique est large, ce qui est plaisant. Mais un simple port USB A sur la droite fait qu\u2019il est obligatoire de brancher le chargeur sur le c\u00f4t\u00e9 gauche, ce qui peut s\u2019av\u00e9rer compliqu\u00e9 selon la configuration.<\/p>\n<p><a target=\"_blank\" href=\"https:\/\/images.frandroid.com\/wp-content\/uploads\/2025\/09\/asus-vivobook-s14-2025-test-06.jpg\" class=\"article-content__figure\" rel=\"nofollow noopener\"><img loading=\"lazy\" decoding=\"async\" width=\"1200\" height=\"675\" src=\"https:\/\/www.europesays.com\/fr\/wp-content\/uploads\/2025\/09\/asus-vivobook-s14-2025-test-06-1200x675.jpg\" alt=\"\" class=\"wp-image-2779835 wp-image\"  \/><\/a>Cr\u00e9dit photo : OtaXou<\/p>\n<p>Mais en v\u00e9rit\u00e9, c\u2019est sur la connectique sans-fil que nous voyons le plus grande sacrifice. Malgr\u00e9 sa configuration relativement moderne, l\u2019Asus Vivobook S14 ne supporte que le Wi-Fi 6 en prime du Bluetooth 5.4. Cela veut dire que l\u2019appareil ne pourra pas profiter de la bande 6 GHz, aujourd\u2019hui importante pour l\u2019\u00e9volution des connexions sans fil. Un sacrifice auquel on consent, mais qu\u2019il faut souligner.<\/p>\n<p>Webcam et audio<\/p>\n<p>Nous retrouvons ici une webcam Full HD classique compatible avec Windows Hello. Celle-ci est tr\u00e8s bruit\u00e9e, et le rendu loupe l\u2019int\u00e9gralit\u00e9 de la plage dynamique en br\u00fblant l\u2019image. Rien de tr\u00e8s \u00e9tonnant ici, m\u00eame si c\u2019est passable dans l\u2019absolu.<\/p>\n<p><a target=\"_blank\" href=\"https:\/\/images.frandroid.com\/wp-content\/uploads\/2025\/09\/win-20250901-15-56-52-pro.jpg\" class=\"article-content__figure\" rel=\"nofollow noopener\"><img loading=\"lazy\" decoding=\"async\" width=\"1200\" height=\"675\" src=\"https:\/\/www.europesays.com\/fr\/wp-content\/uploads\/2025\/09\/win-20250901-15-56-52-pro-1200x675.jpg\" alt=\"\" class=\"wp-image-2779795 wp-image\"  \/><\/a><\/p>\n<p>Il en va de m\u00eame c\u00f4t\u00e9 audio, toujours l\u2019\u00e9l\u00e9ment le plus facilement sacrifi\u00e9 par les constructeurs. Les haut-parleurs, plac\u00e9s en bas de la configuration, sont loin d\u2019offrir un rendu convaincant et sont \u00e0 peine au niveau d\u2019un smartphone d\u2019entr\u00e9e de gamme. Privil\u00e9giez un bon casque.<\/p>\n<p>&#13;<\/p>\n<p>\u00c9cran<\/p>\n<p>Alors oui, l\u2019Asus Vivobook S14 profite dans notre configuration d\u2019une dalle OLED de 14 pouces supportant une d\u00e9finition de 1920 x 1200 pixels, soit un ratio 19:10, pour un taux de rafra\u00eechissement de 60 Hz. L\u2019OLED est toujours sexy sur une fiche technique, mais attention : tous les OLED ne sont pas \u00e9gaux.<\/p>\n<p><a target=\"_blank\" href=\"https:\/\/images.frandroid.com\/wp-content\/uploads\/2025\/09\/capture-decran-2025-09-01-174139.png\" class=\"article-content__figure\" rel=\"nofollow noopener\"><img loading=\"lazy\" decoding=\"async\" width=\"1200\" height=\"653\" src=\"https:\/\/www.europesays.com\/fr\/wp-content\/uploads\/2025\/09\/capture-decran-2025-09-01-174139-1200x653.png\" alt=\"\" class=\"wp-image-2779797 wp-image\"  \/><\/a><\/p>\n<p>Sous notre sonde et avec le logiciel CalMAN de Portrait Displays, nous pouvons clairement le voir. Si les couvertures de 177% de l\u2019espace sRGB pour 118% de l\u2019espace DCI-P3 sont tr\u00e8s engageantes, ces chiffres ne nous \u00e9tonnent pas : ils sont communs sur les OLED d\u2019entr\u00e9e de gamme, qui sont les premi\u00e8res g\u00e9n\u00e9rations de cette technologie.<\/p>\n<p>Et d\u2019autres signes sont l\u00e0 pour souligner ce choix : le HDR n\u2019est pas support\u00e9, ce qui est rare pour un OLED, quand la luminosit\u00e9 maximale est mesur\u00e9e \u00e0 un infime 299 cd\/m\u00b2 terriblement peu lisible en plein soleil. Surtout alors que le rev\u00eatement glossy du Vivobook S14 est terriblement r\u00e9fl\u00e9chissant, ce qui en fait un appareil \u00e0 utiliser presque exclusivement en int\u00e9rieur.<\/p>\n<p><a target=\"_blank\" href=\"https:\/\/images.frandroid.com\/wp-content\/uploads\/2025\/09\/capture-decran-2025-09-01-174631.jpg\" class=\"article-content__figure\" rel=\"nofollow noopener\"><img loading=\"lazy\" decoding=\"async\" width=\"1200\" height=\"653\" src=\"https:\/\/www.europesays.com\/fr\/wp-content\/uploads\/2025\/09\/capture-decran-2025-09-01-174631-1200x653.jpg\" alt=\"\" class=\"wp-image-2779799 wp-image\"  \/><\/a><\/p>\n<p>Autrement, c\u2019est loin d\u2019\u00eatre mauvais. Temp\u00e9rature de couleurs moyenne un peu chaude de 6023K, delta e00 moyen de 2,83 pour un \u00e9cart maximal de 7,n5 sur les tons bleus rois\u2026 Nous sommes dans les clous. Mais voil\u00e0, n\u2019en doutez pas : l\u2019OLED est surtout ici pour faire plaisir sur le papier, mais un IPS LCD aurait \u00e9t\u00e9 plus solide pour ce tarif.<\/p>\n<p>&#13;<\/p>\n<p>Logiciel<\/p>\n<p>Windows bien s\u00fbr, les applications publicitaires pr\u00e9install\u00e9es comme toujours, et MyAsus au centre de l\u2019exp\u00e9rience pour g\u00e9rer finement son ordinateur. Terrain connu ici, mais toujours confortable une fois quelques d\u00e9sinstallations effectu\u00e9es. <\/p>\n<p><a target=\"_blank\" href=\"https:\/\/images.frandroid.com\/wp-content\/uploads\/2025\/09\/capture-decran-2025-09-01-171029.jpg\" class=\"article-content__figure\" rel=\"nofollow noopener\"><img loading=\"lazy\" decoding=\"async\" width=\"1200\" height=\"713\" src=\"https:\/\/www.europesays.com\/fr\/wp-content\/uploads\/2025\/09\/capture-decran-2025-09-01-171029-1200x713.jpg\" alt=\"\" class=\"wp-image-2779801 wp-image\"  \/><\/a><\/p>\n<p>Cet ordinateur est Copilot+, et Asus propose toujours son application StoryCube support\u00e9e par l\u2019intelligence artificielle pour organiser proprement vos photos et fichiers multim\u00e9dia, mais voil\u00e0 : tout est gimmick, sans r\u00e9el usage impactant qui justifierait de changer pour l\u2019IA actuellement.<\/p>\n<p>&#13;<\/p>\n<p>Performances<\/p>\n<p>Dans notre configuration de test, l\u2019Asus Vivobook S14 profite d\u2019un SoC AMD Ryzen AI 7 350 \u00e0 8 c\u0153urs pour 16 threads pouvant turbo jusqu\u2019\u00e0 5 GHz. Il est associ\u00e9 \u00e0 16 Go de RAM et 512 Go de stockage en PCIe gen 4.0.<\/p>\n<p>Benchmarks<\/p>\n<p><a target=\"_blank\" href=\"https:\/\/images.frandroid.com\/wp-content\/uploads\/2025\/09\/capture-decran-2025-09-01-170048.jpg\" class=\"article-content__figure\" rel=\"nofollow noopener\"><img loading=\"lazy\" decoding=\"async\" width=\"1200\" height=\"713\" src=\"https:\/\/www.europesays.com\/fr\/wp-content\/uploads\/2025\/09\/capture-decran-2025-09-01-170048-1200x713.jpg\" alt=\"\" class=\"wp-image-2779805 wp-image\"  \/><\/a><\/p>\n<p>Sur Cinebench 2024, nous retrouvons un score en multi core de 771 points pour 109 points en single core. Rien d\u2019\u00e9tonnant pour ces petits ch\u00e2ssis, qui d\u00e9passent rarement les 1000 points en multi core. Il faut souligner qu\u2019ici, le score de 109 points est tr\u00e8s bon pour le march\u00e9 en single core, et soutiendra un usage bureautique sans le moindre accroc.<\/p>\n<p><a target=\"_blank\" href=\"https:\/\/images.frandroid.com\/wp-content\/uploads\/2025\/09\/capture-decran-2025-09-01-170335.jpg\" class=\"article-content__figure\" rel=\"nofollow noopener\"><img loading=\"lazy\" decoding=\"async\" width=\"1200\" height=\"713\" src=\"https:\/\/www.europesays.com\/fr\/wp-content\/uploads\/2025\/09\/capture-decran-2025-09-01-170335-1200x713.jpg\" alt=\"\" class=\"wp-image-2779807 wp-image\"  \/><\/a><\/p>\n<p>C\u00f4t\u00e9 3DMark, rien de surprenant non plus. La partie graphique Radeon 860M est plus \u00e9quivalente au mani\u00e8re de la g\u00e9n\u00e9ration pr\u00e9c\u00e9dente, avec un score de 1510 points. De quoi jouer gentiment \u00e0 des petits jeux en Full HD, ou de faire du montage vid\u00e9o en 1080p sur des petits formats.<\/p>\n<p><a target=\"_blank\" href=\"https:\/\/images.frandroid.com\/wp-content\/uploads\/2025\/09\/capture-decran-2025-09-01-170843.jpg\" class=\"article-content__figure\" rel=\"nofollow noopener\"><img loading=\"lazy\" decoding=\"async\" width=\"1200\" height=\"660\" src=\"https:\/\/www.europesays.com\/fr\/wp-content\/uploads\/2025\/09\/capture-decran-2025-09-01-170843-1200x660.jpg\" alt=\"\" class=\"wp-image-2779809 wp-image\"  \/><\/a><\/p>\n<p>Surprise : Asus nous offre par contre de tr\u00e8s bonnes performances pour le PCIe Gen 4.0. Surprise car, sur ce format au prix contenu, les performances de stockage sont souvent celles qui subissent les pires sacrifices.<\/p>\n<p>Refroidissement et bruit<\/p>\n<p>Asus privil\u00e9gie ici le silence d\u2019utilisation et la chauffe contenue. Et \u00e7a se voit, puisque le ch\u00e2ssis ne d\u00e9passe pas les 46\u00b0C. Par contre, il est \u00e0 noter que lorsque les ventilateurs d\u00e9cident de se mettre \u00e0 pleine puissance, ils sont d\u00e9finitivement plus bruyants que la moyenne sur ce format. Cependant, ils s\u2019activent assez rarement sur un usage classique.<\/p>\n<p>&#13;<\/p>\n<p>Autonomie<\/p>\n<p>Asus justifie bien cette petite \u00e9paisseur en int\u00e9grant une large batterie de 70 Wh, bien plus large que la grande majorit\u00e9 des ordinateurs de cette diagonale. Il est fourni avec un bloc d\u2019alimentation de 65 watts qui soutient la norme <a href=\"https:\/\/www.frandroid.com\/comment-faire\/comment-fonctionne-la-technologie\/1414389_quels-sont-les-types-normes-versions-vitesses-usb\" rel=\"nofollow noopener\" target=\"_blank\">Power Delivery<\/a>.<\/p>\n<p><a target=\"_blank\" href=\"https:\/\/images.frandroid.com\/wp-content\/uploads\/2025\/09\/asus-vivobook-s14-2025-test-07.jpg\" class=\"article-content__figure\" rel=\"nofollow noopener\"><img loading=\"lazy\" decoding=\"async\" width=\"1200\" height=\"675\" src=\"https:\/\/www.europesays.com\/fr\/wp-content\/uploads\/2025\/09\/asus-vivobook-s14-2025-test-07-1200x675.jpg\" alt=\"\" class=\"wp-image-2779837 wp-image\"  \/><\/a>Cr\u00e9dit photo : OtaXou<\/p>\n<p>Sur un usage bureautique, l\u2019\u00e9cran r\u00e9gl\u00e9 \u00e0 50% de sa luminosit\u00e9, nous retrouvons un usage compris entre 17 et 18 heures. Record ? Facile lorsque la luminosit\u00e9 est si basse\u2026 Comptez plut\u00f4t entre 13 et 14 heures si vous souhaitez \u00e9galement avoir un \u00e9cran lisible. <\/p>\n<p>&#13;<\/p>\n<p>Prix et disponibilit\u00e9<\/p>\n<p>L\u2019Asus Vivobook S14 M3407 est vendu au prix de d\u00e9part de 799,95 euros, pour une configuration int\u00e9grant un AMD Ryzen AI 5 330 \u00e0 4 c\u0153urs plut\u00f4t que huit, ce qui n\u2019endiguera pas les performances bureautiques pour lesquels nous le recommandons.<\/p>\n","protected":false},"excerpt":{"rendered":"Les prix donnent l\u2019impression de ne vouloir qu\u2019augmenter sur ces derni\u00e8res ann\u00e9es. Et quelque peu ironiquement, nous avons&hellip;\n","protected":false},"author":2,"featured_media":389316,"comment_status":"","ping_status":"","sticky":false,"template":"","format":"standard","meta":{"footnotes":""},"categories":[7],"tags":[52161,1011,27,43,40,41,39,42,44],"class_list":{"0":"post-389315","1":"post","2":"type-post","3":"status-publish","4":"format-standard","5":"has-post-thumbnail","7":"category-sciences-et-technologies","8":"tag-asus-vivobook-s14-m3407ka","9":"tag-fr","10":"tag-france","11":"tag-science","12":"tag-science-and-technology","13":"tag-sciences","14":"tag-sciences-et-technologies","15":"tag-technologies","16":"tag-technology"},"share_on_mastodon":{"url":"https:\/\/pubeurope.com\/@fr\/115200500040399861","error":""},"_links":{"self":[{"href":"https:\/\/www.europesays.com\/fr\/wp-json\/wp\/v2\/posts\/389315","targetHints":{"allow":["GET"]}}],"collection":[{"href":"https:\/\/www.europesays.com\/fr\/wp-json\/wp\/v2\/posts"}],"about":[{"href":"https:\/\/www.europesays.com\/fr\/wp-json\/wp\/v2\/types\/post"}],"author":[{"embeddable":true,"href":"https:\/\/www.europesays.com\/fr\/wp-json\/wp\/v2\/users\/2"}],"replies":[{"embeddable":true,"href":"https:\/\/www.europesays.com\/fr\/wp-json\/wp\/v2\/comments?post=389315"}],"version-history":[{"count":0,"href":"https:\/\/www.europesays.com\/fr\/wp-json\/wp\/v2\/posts\/389315\/revisions"}],"wp:featuredmedia":[{"embeddable":true,"href":"https:\/\/www.europesays.com\/fr\/wp-json\/wp\/v2\/media\/389316"}],"wp:attachment":[{"href":"https:\/\/www.europesays.com\/fr\/wp-json\/wp\/v2\/media?parent=389315"}],"wp:term":[{"taxonomy":"category","embeddable":true,"href":"https:\/\/www.europesays.com\/fr\/wp-json\/wp\/v2\/categories?post=389315"},{"taxonomy":"post_tag","embeddable":true,"href":"https:\/\/www.europesays.com\/fr\/wp-json\/wp\/v2\/tags?post=389315"}],"curies":[{"name":"wp","href":"https:\/\/api.w.org\/{rel}","templated":true}]}}