{"id":389326,"date":"2025-09-14T03:28:23","date_gmt":"2025-09-14T03:28:23","guid":{"rendered":"https:\/\/www.europesays.com\/fr\/389326\/"},"modified":"2025-09-14T03:28:23","modified_gmt":"2025-09-14T03:28:23","slug":"football-une-recrue-qui-apparait-pour-la-premiere-fois-et-des-places-qui-commencent-a-etre-cheres-decouvrez-le-groupe-de-las-nancy-lorraine-pour-le-voyage-a-troyes","status":"publish","type":"post","link":"https:\/\/www.europesays.com\/fr\/389326\/","title":{"rendered":"Football Une recrue qui appara\u00eet pour la premi\u00e8re fois et des places qui commencent \u00e0 \u00eatre ch\u00e8res\u2026 D\u00e9couvrez le groupe de l\u2019AS Nancy Lorraine pour le voyage \u00e0 Troyes"},"content":{"rendered":"<p>Troyes &#8211; ASNL<\/p>\n<p>Ce vendredi (20 h), au stade de l\u2019Aube<\/p>\n<p>Ce Troyes-Nancy est marqu\u00e9 par la premi\u00e8re apparition dans le groupe pro en Ligue 2 <a href=\"https:\/\/www.estrepublicain.fr\/sport\/2025\/09\/08\/elydjah-mendy-nouveau-defenseur-de-l-as-nancy-lorraine-je-reviens-de-loin\" target=\"_blank\" rel=\"noopener\">d\u2019Elydjah Mendy<\/a> , la derni\u00e8re recrue nanc\u00e9ienne du mercato. Avec l\u2019incorporation du d\u00e9fenseur central venu de Dijon, les places commencent \u00e0 \u00eatre ch\u00e8res dans le groupe, m\u00eame quand Pablo Correa convoque dix-neuf joueurs comme pour ce match dans l\u2019Aube.<\/p>\n<p>Bakari Camara, rentr\u00e9 de s\u00e9lection de Mauritanie, n\u2019est ainsi pas convoqu\u00e9. Pas plus qu\u2019Adrian Dabasse qui commence \u00e0 retrouver de tr\u00e8s bonnes sensations, apr\u00e8s avoir jou\u00e9 et marqu\u00e9 <a href=\"https:\/\/www.estrepublicain.fr\/sport\/2025\/09\/11\/la-reserve-de-l-asnl-enfonce-golbey\" target=\"_blank\" rel=\"noopener\">avec la r\u00e9serve \u00e0 Golbey en R1 mercredi<\/a>. Forfait contre Pau, Martin Exp\u00e9rience fait quant \u00e0 lui partie des joueurs du voyage \u00e0 Troyes.<\/p>\n<p><strong>Le groupe : <\/strong> Basilio, No\u00ebl, Julloux, Saint-Ruf, Mendy, Fernandez, Bamba, Carlier, Bouriaud, Exp\u00e9rience, Bouabdeli, Bokangu, Fdaouch, Maouassa, Sidib\u00e9, Ouotro, Nahounou, Suljic, Evans<\/p>\n<p>Absents :  Camara, Dabasse, El Hansar, Ztouti, Tacafred (choix), Sourzac (bless\u00e9)<\/p>\n","protected":false},"excerpt":{"rendered":"Troyes &#8211; ASNL Ce vendredi (20 h), au stade de l\u2019Aube Ce Troyes-Nancy est marqu\u00e9 par la premi\u00e8re&hellip;\n","protected":false},"author":2,"featured_media":389327,"comment_status":"","ping_status":"","sticky":false,"template":"","format":"standard","meta":{"footnotes":""},"categories":[9635],"tags":[1111,11,3703,1707,1704,1706,1705,1777,674,107,1701,63,1011,27,775,1702,1703,12,25,517,1700],"class_list":{"0":"post-389326","1":"post","2":"type-post","3":"status-publish","4":"format-standard","5":"has-post-thumbnail","7":"category-nancy","8":"tag-actu","9":"tag-actualites","10":"tag-asnl","11":"tag-edition-luneville","12":"tag-edition-nancy-et-agglomeration","13":"tag-edition-pont-a-mousson","14":"tag-edition-toul","15":"tag-eu","16":"tag-europe","17":"tag-fil-info","18":"tag-fil-info-sport","19":"tag-football","20":"tag-fr","21":"tag-france","22":"tag-grand-est","23":"tag-nancy","24":"tag-nancy-ville-54b","25":"tag-news","26":"tag-republique-francaise","27":"tag-sport","28":"tag-sport-lorrain"},"share_on_mastodon":{"url":"https:\/\/pubeurope.com\/@fr\/115200531031009261","error":""},"_links":{"self":[{"href":"https:\/\/www.europesays.com\/fr\/wp-json\/wp\/v2\/posts\/389326","targetHints":{"allow":["GET"]}}],"collection":[{"href":"https:\/\/www.europesays.com\/fr\/wp-json\/wp\/v2\/posts"}],"about":[{"href":"https:\/\/www.europesays.com\/fr\/wp-json\/wp\/v2\/types\/post"}],"author":[{"embeddable":true,"href":"https:\/\/www.europesays.com\/fr\/wp-json\/wp\/v2\/users\/2"}],"replies":[{"embeddable":true,"href":"https:\/\/www.europesays.com\/fr\/wp-json\/wp\/v2\/comments?post=389326"}],"version-history":[{"count":0,"href":"https:\/\/www.europesays.com\/fr\/wp-json\/wp\/v2\/posts\/389326\/revisions"}],"wp:featuredmedia":[{"embeddable":true,"href":"https:\/\/www.europesays.com\/fr\/wp-json\/wp\/v2\/media\/389327"}],"wp:attachment":[{"href":"https:\/\/www.europesays.com\/fr\/wp-json\/wp\/v2\/media?parent=389326"}],"wp:term":[{"taxonomy":"category","embeddable":true,"href":"https:\/\/www.europesays.com\/fr\/wp-json\/wp\/v2\/categories?post=389326"},{"taxonomy":"post_tag","embeddable":true,"href":"https:\/\/www.europesays.com\/fr\/wp-json\/wp\/v2\/tags?post=389326"}],"curies":[{"name":"wp","href":"https:\/\/api.w.org\/{rel}","templated":true}]}}