{"id":389333,"date":"2025-09-14T03:35:34","date_gmt":"2025-09-14T03:35:34","guid":{"rendered":"https:\/\/www.europesays.com\/fr\/389333\/"},"modified":"2025-09-14T03:35:34","modified_gmt":"2025-09-14T03:35:34","slug":"jarrie-le-spectacle-natalia-2025-aura-lieu-ce-dimanche","status":"publish","type":"post","link":"https:\/\/www.europesays.com\/fr\/389333\/","title":{"rendered":"Jarrie. Le spectacle Natalia 2025 aura lieu ce dimanche"},"content":{"rendered":"<p>La pluie de ce samedi 13\u00a0septembre n\u2019a, par contre, pas permis la tenue des s\u00e9ances du spectacle Natalia 2025 , au ch\u00e2teau de Bon Repos, \u00e0 15\u00a0h et 18\u00a0h. Ces deux repr\u00e9sentations sont report\u00e9es \u00e0 ce dimanche 14\u00a0septembre, de nouveau \u00e0 15\u00a0h et 18\u00a0h.<\/p>\n<p>Les 29 personnages jou\u00e9s par 18 com\u00e9diens vous attendent sur un parcours ext\u00e9rieur de 710 m\u00e8tres, autour du ch\u00e2teau.<\/p>\n<p class=\"note\">Renseignements au 06\u00a088\u00a043\u00a072\u00a021.<\/p>\n","protected":false},"excerpt":{"rendered":"La pluie de ce samedi 13\u00a0septembre n\u2019a, par contre, pas permis la tenue des s\u00e9ances du spectacle Natalia&hellip;\n","protected":false},"author":2,"featured_media":389334,"comment_status":"","ping_status":"","sticky":false,"template":"","format":"standard","meta":{"footnotes":""},"categories":[9566],"tags":[1111,11,2430,1687,113,1777,674,1011,27,2731,17480,12,25,17481,3140],"class_list":{"0":"post-389333","1":"post","2":"type-post","3":"status-publish","4":"format-standard","5":"has-post-thumbnail","7":"category-grenoble","8":"tag-actu","9":"tag-actualites","10":"tag-auvergne-rhone-alpes","11":"tag-culture-loisirs","12":"tag-edition-gresivaudan-oisans","13":"tag-eu","14":"tag-europe","15":"tag-fr","16":"tag-france","17":"tag-grenoble","18":"tag-jarrie","19":"tag-news","20":"tag-republique-francaise","21":"tag-romanche","22":"tag-spectacle"},"share_on_mastodon":{"url":"https:\/\/pubeurope.com\/@fr\/115200558592727599","error":""},"_links":{"self":[{"href":"https:\/\/www.europesays.com\/fr\/wp-json\/wp\/v2\/posts\/389333","targetHints":{"allow":["GET"]}}],"collection":[{"href":"https:\/\/www.europesays.com\/fr\/wp-json\/wp\/v2\/posts"}],"about":[{"href":"https:\/\/www.europesays.com\/fr\/wp-json\/wp\/v2\/types\/post"}],"author":[{"embeddable":true,"href":"https:\/\/www.europesays.com\/fr\/wp-json\/wp\/v2\/users\/2"}],"replies":[{"embeddable":true,"href":"https:\/\/www.europesays.com\/fr\/wp-json\/wp\/v2\/comments?post=389333"}],"version-history":[{"count":0,"href":"https:\/\/www.europesays.com\/fr\/wp-json\/wp\/v2\/posts\/389333\/revisions"}],"wp:featuredmedia":[{"embeddable":true,"href":"https:\/\/www.europesays.com\/fr\/wp-json\/wp\/v2\/media\/389334"}],"wp:attachment":[{"href":"https:\/\/www.europesays.com\/fr\/wp-json\/wp\/v2\/media?parent=389333"}],"wp:term":[{"taxonomy":"category","embeddable":true,"href":"https:\/\/www.europesays.com\/fr\/wp-json\/wp\/v2\/categories?post=389333"},{"taxonomy":"post_tag","embeddable":true,"href":"https:\/\/www.europesays.com\/fr\/wp-json\/wp\/v2\/tags?post=389333"}],"curies":[{"name":"wp","href":"https:\/\/api.w.org\/{rel}","templated":true}]}}