{"id":389335,"date":"2025-09-14T03:36:39","date_gmt":"2025-09-14T03:36:39","guid":{"rendered":"https:\/\/www.europesays.com\/fr\/389335\/"},"modified":"2025-09-14T03:36:39","modified_gmt":"2025-09-14T03:36:39","slug":"ligue-2-j5-le-gf38-tient-sa-premiere-victoire","status":"publish","type":"post","link":"https:\/\/www.europesays.com\/fr\/389335\/","title":{"rendered":"Ligue 2 (J5). Le GF38 tient sa premi\u00e8re victoire"},"content":{"rendered":"<p style=\"font-size:20px\"><strong>Dans le cadre de la J5 de Ligue 2, le GF38 accueillait l\u2019USL Dunkerque au Stade des Alpes ce samedi 13 septembre. L\u2019\u00e9quipe de Franck Rizzetto s\u2019est impos\u00e9e pour la premi\u00e8re fois de la saison gr\u00e2ce \u00e0 un but de Stone Mambo.<\/strong><\/p>\n<p>Les Grenoblois entamaient la rencontre pied au planchez avec un premier d\u00e9bordement de Delos. Sur le corner tir\u00e9 par Mouazan, Stone Mambo s\u2019\u00e9levait pour ouvrir le score de la t\u00eate. L\u2019\u00e9quipe de Rizzetto poursuivait sur sa lanc\u00e9e m\u00eame si la fin de mi-temps voyait les visiteurs mettre Diop \u00e0 contribution \u00e0 deux reprises.<\/p>\n<p>Le second acte \u00e9tait pauvre en occasions. Malgr\u00e9 une l\u00e9g\u00e8re domination, Dunkerque ne parvenait pas \u00e0 revenir au score. Grenoble, gr\u00e2ce \u00e0 des bons Mambo et Lele Diba et \u00e0 une premi\u00e8re prometteuse de Vidal, terminait pour la premi\u00e8re fois de la saison une rencontre sans prendre de but. Un \u00ab\u00a0clean sheet\u00a0\u00bb synonyme de premi\u00e8re victoire.<\/p>\n<p>Fiche technique GF38 \u2013 USL Dunkerque <\/p>\n<p>A Grenoble, Stade des Alpes, Grenoble bat Dunkerque 1-0 (mi-temps : 1-0). Arbitre : M. Thierry Bouille. 3237 spectateurs.<\/p>\n<p>But : Mambo (3e) pour Grenoble ; pour Dunkerque.<\/p>\n<p>Avertissements : Lele Diba (86e), Sarikaya (90e) \u00e0 Grenoble ; Abner (45e) \u00e0 Dunkerque.<\/p>\n<p>GF38 : Diop \u2013 Delos, Paquiez (cap.), Vidal (Sarikaya, 72e), Mambo, Xantippe \u2013 Valls, Lele Diba, Mouazan (Mbock, 72e) \u2013 Zahui (Diaby, 72e), Elph\u00e8ge (Bechikh, 66e).<\/p>\n<p>USLD : Lavin, Abner (Kondo, 78e), Sangante, Sasso, Georgen, Eguaras (Diong, 78e), Bazrdeli, Sekongo (Kant\u00e9, 70e), Yassine (Sylvestre, 78e), Zossou (Zaho, 46e), Robinet.<\/p>\n","protected":false},"excerpt":{"rendered":"Dans le cadre de la J5 de Ligue 2, le GF38 accueillait l\u2019USL Dunkerque au Stade des Alpes&hellip;\n","protected":false},"author":2,"featured_media":246891,"comment_status":"","ping_status":"","sticky":false,"template":"","format":"standard","meta":{"footnotes":""},"categories":[9566],"tags":[1111,11,2430,1777,674,1011,27,2731,12,25],"class_list":{"0":"post-389335","1":"post","2":"type-post","3":"status-publish","4":"format-standard","5":"has-post-thumbnail","7":"category-grenoble","8":"tag-actu","9":"tag-actualites","10":"tag-auvergne-rhone-alpes","11":"tag-eu","12":"tag-europe","13":"tag-fr","14":"tag-france","15":"tag-grenoble","16":"tag-news","17":"tag-republique-francaise"},"share_on_mastodon":{"url":"https:\/\/pubeurope.com\/@fr\/115200562535754325","error":""},"_links":{"self":[{"href":"https:\/\/www.europesays.com\/fr\/wp-json\/wp\/v2\/posts\/389335","targetHints":{"allow":["GET"]}}],"collection":[{"href":"https:\/\/www.europesays.com\/fr\/wp-json\/wp\/v2\/posts"}],"about":[{"href":"https:\/\/www.europesays.com\/fr\/wp-json\/wp\/v2\/types\/post"}],"author":[{"embeddable":true,"href":"https:\/\/www.europesays.com\/fr\/wp-json\/wp\/v2\/users\/2"}],"replies":[{"embeddable":true,"href":"https:\/\/www.europesays.com\/fr\/wp-json\/wp\/v2\/comments?post=389335"}],"version-history":[{"count":0,"href":"https:\/\/www.europesays.com\/fr\/wp-json\/wp\/v2\/posts\/389335\/revisions"}],"wp:featuredmedia":[{"embeddable":true,"href":"https:\/\/www.europesays.com\/fr\/wp-json\/wp\/v2\/media\/246891"}],"wp:attachment":[{"href":"https:\/\/www.europesays.com\/fr\/wp-json\/wp\/v2\/media?parent=389335"}],"wp:term":[{"taxonomy":"category","embeddable":true,"href":"https:\/\/www.europesays.com\/fr\/wp-json\/wp\/v2\/categories?post=389335"},{"taxonomy":"post_tag","embeddable":true,"href":"https:\/\/www.europesays.com\/fr\/wp-json\/wp\/v2\/tags?post=389335"}],"curies":[{"name":"wp","href":"https:\/\/api.w.org\/{rel}","templated":true}]}}