{"id":389337,"date":"2025-09-14T03:38:41","date_gmt":"2025-09-14T03:38:41","guid":{"rendered":"https:\/\/www.europesays.com\/fr\/389337\/"},"modified":"2025-09-14T03:38:41","modified_gmt":"2025-09-14T03:38:41","slug":"bloquons-tout-une-centaine-de-manifestants-mobilises-a-rennes","status":"publish","type":"post","link":"https:\/\/www.europesays.com\/fr\/389337\/","title":{"rendered":"Bloquons tout\u00a0: une centaine de manifestants mobilis\u00e9s \u00e0 Rennes"},"content":{"rendered":"<p>Article r\u00e9serv\u00e9 aux abonn\u00e9s<\/p>\n<p>Le 13 septembre 2025 \u00e0 19h48<\/p>\n<p class=\"tlg-h5\">Apr\u00e8s une premi\u00e8re journ\u00e9e de mobilisation, mercredi, \u00e0 Rennes, le mouvement Bloquons tout appelait, ce samedi, \u00e0 de nouvelles actions. Au cours de la journ\u00e9e, des ronds-points ont \u00e9t\u00e9 occup\u00e9s par des manifestants provoquant des difficult\u00e9s de circulation aux abords de centres commerciaux.<\/p>\n<p><img fetchpriority=\"high\" decoding=\"async\" src=\"https:\/\/www.europesays.com\/fr\/wp-content\/uploads\/2025\/09\/68c5ae69f4fea13ac9021ea2.1.jpeg\" width=\"960\" height=\"600\" class=\"web_golden_xl\" loading=\"eager\" alt=\"Bloquons tout\u00a0: une centaine de manifestants mobilis\u00e9s \u00e0 Rennes\"\/> (Le T\u00e9l\u00e9gramme \/ Erwan Miloux)<\/p>\n","protected":false},"excerpt":{"rendered":"Article r\u00e9serv\u00e9 aux abonn\u00e9s Le 13 septembre 2025 \u00e0 19h48 Apr\u00e8s une premi\u00e8re journ\u00e9e de mobilisation, mercredi, \u00e0&hellip;\n","protected":false},"author":2,"featured_media":389338,"comment_status":"","ping_status":"","sticky":false,"template":"","format":"standard","meta":{"footnotes":""},"categories":[2821],"tags":[1111,11,829,765,1777,674,1011,27,848,12,584,25],"class_list":{"0":"post-389337","1":"post","2":"type-post","3":"status-publish","4":"format-standard","5":"has-post-thumbnail","7":"category-rennes","8":"tag-actu","9":"tag-actualites","10":"tag-bretagne","11":"tag-en-continu","12":"tag-eu","13":"tag-europe","14":"tag-fr","15":"tag-france","16":"tag-ille-et-vilaine","17":"tag-news","18":"tag-rennes","19":"tag-republique-francaise"},"share_on_mastodon":{"url":"https:\/\/pubeurope.com\/@fr\/115200570608688961","error":""},"_links":{"self":[{"href":"https:\/\/www.europesays.com\/fr\/wp-json\/wp\/v2\/posts\/389337","targetHints":{"allow":["GET"]}}],"collection":[{"href":"https:\/\/www.europesays.com\/fr\/wp-json\/wp\/v2\/posts"}],"about":[{"href":"https:\/\/www.europesays.com\/fr\/wp-json\/wp\/v2\/types\/post"}],"author":[{"embeddable":true,"href":"https:\/\/www.europesays.com\/fr\/wp-json\/wp\/v2\/users\/2"}],"replies":[{"embeddable":true,"href":"https:\/\/www.europesays.com\/fr\/wp-json\/wp\/v2\/comments?post=389337"}],"version-history":[{"count":0,"href":"https:\/\/www.europesays.com\/fr\/wp-json\/wp\/v2\/posts\/389337\/revisions"}],"wp:featuredmedia":[{"embeddable":true,"href":"https:\/\/www.europesays.com\/fr\/wp-json\/wp\/v2\/media\/389338"}],"wp:attachment":[{"href":"https:\/\/www.europesays.com\/fr\/wp-json\/wp\/v2\/media?parent=389337"}],"wp:term":[{"taxonomy":"category","embeddable":true,"href":"https:\/\/www.europesays.com\/fr\/wp-json\/wp\/v2\/categories?post=389337"},{"taxonomy":"post_tag","embeddable":true,"href":"https:\/\/www.europesays.com\/fr\/wp-json\/wp\/v2\/tags?post=389337"}],"curies":[{"name":"wp","href":"https:\/\/api.w.org\/{rel}","templated":true}]}}