{"id":38934,"date":"2025-04-20T13:04:06","date_gmt":"2025-04-20T13:04:06","guid":{"rendered":"https:\/\/www.europesays.com\/fr\/38934\/"},"modified":"2025-04-20T13:04:06","modified_gmt":"2025-04-20T13:04:06","slug":"cinq-annees-de-methode-brutale-le-nouveau-message-politique-de-jean-michel-aulas","status":"publish","type":"post","link":"https:\/\/www.europesays.com\/fr\/38934\/","title":{"rendered":"\u00ab\u00a0cinq ann\u00e9es de m\u00e9thode brutale\u00a0\u00bb, le nouveau message politique de Jean-Michel Aulas"},"content":{"rendered":"<p>Une nouvelle prise de parole qui sonne comme un pas de plus vers 2026. Sur le r\u00e9seau social X, l\u2019ancien pr\u00e9sident du club lyonnais a publi\u00e9 un nouveau message \u00e0 tonalit\u00e9 politique, poursuivant ses critiques \u00e0 l\u2019\u00e9gard de l\u2019\u00e9quipe municipale actuelle.<\/p>\n<p>\u00ab\u00a0Avec le football, les entreprises, les acteurs du territoire, nous avons b\u00e2ti des stades, cr\u00e9\u00e9 des emplois, port\u00e9 des projets. Nous avons offert \u00e0 Lyon une visibilit\u00e9 mondiale et une fiert\u00e9 locale\u00a0\u00bb, \u00e9crit-il dans un premier temps, rappelant son r\u00f4le pass\u00e9 dans le rayonnement de la m\u00e9tropole.<\/p>\n<p>Puis, Jean-Michel Aulas formule une nouvelle attaque contre la gestion de la municipalit\u00e9 \u00e9cologiste tout en exprimant ses id\u00e9es au vu d&rsquo;une potentielle candidature\u00a0: \u00ab\u00a0S\u2019il fallait s\u2019engager, ce serait pour mettre un terme \u00e0 cinq ann\u00e9es de m\u00e9thode brutale, qui ont tristement g\u00e9n\u00e9r\u00e9 des clivages syst\u00e9matiques, de l\u2019agressivit\u00e9 entre les habitants, des tensions entre les usages, des conflits entre les visions.\u00a0\u00bb<\/p>\n<p><strong>Un pacte m\u00e9tropolitain<\/strong><\/p>\n<p>L\u2019ancien dirigeant sportif avance \u00e9galement une proposition : \u00ab\u00a0Ce qu\u2019il faudrait, c\u2019est un pacte m\u00e9tropolitain pour une mobilit\u00e9 partag\u00e9e, apais\u00e9e, moderne et accessible. Un pacte co-construit avec celles et ceux qui font vivre Lyon : familles, commer\u00e7ants, artisans, jeunes, a\u00een\u00e9s.\u00a0\u00bb<\/p>\n<p>Enfin, Jean-Michel Aulas conclut son message par une r\u00e9flexion sur la transition \u00e9cologique : \u00ab\u00a0L\u2019\u00e9cologie n\u2019a pas de parti. Elle ne peut \u00eatre ni une punition, ni un outil de fracture entre le Lyon d\u2019en haut et le Lyon d\u2019en bas. Je voudrais qu\u2019elle redevienne ce qu\u2019elle aurait toujours d\u00fb \u00eatre : une solution d\u00e9sir\u00e9e, adapt\u00e9e, partag\u00e9e.\u00a0\u00bb<\/p>\n<p>Ce nouveau message alimente les sp\u00e9culations autour d\u2019une \u00e9ventuelle candidature de Jean-Michel Aulas aux \u00e9lections municipales de 2026 \u00e0 Lyon, m\u00eame si l\u2019int\u00e9ress\u00e9 n\u2019a, \u00e0 ce jour, rien officialis\u00e9.<\/p>\n<blockquote class=\"twitter-tweet\"><p>&#13;<\/p>\n<p dir=\"ltr\" lang=\"fr\">Avec le football, les entreprises, les acteurs du territoire, nous avons b\u00e2ti des stades, cr\u00e9\u00e9 des emplois, port\u00e9 des projets. Nous avons offert \u00e0 Lyon une visibilit\u00e9 mondiale et une fiert\u00e9 locale.<\/p>\n<p>S\u2019il fallait s\u2019engager, ce serait pour mettre un terme \u00e0 cinq ann\u00e9es de m\u00e9thode\u2026<\/p>\n<p>&#13;<br \/>\n\u2014 Jean-Michel AULAS (@JM_Aulas) <a href=\"https:\/\/twitter.com\/JM_Aulas\/status\/1913869487511638241?ref_src=twsrc%5Etfw\" rel=\"nofollow noopener\" target=\"_blank\">April 20, 2025<\/a><\/p><\/blockquote>\n<p>  \t\t\t\t\t<script async src=\"https:\/\/platform.twitter.com\/widgets.js\" charset=\"utf-8\"><\/script><\/p>\n","protected":false},"excerpt":{"rendered":"Une nouvelle prise de parole qui sonne comme un pas de plus vers 2026. Sur le r\u00e9seau social&hellip;\n","protected":false},"author":2,"featured_media":38935,"comment_status":"","ping_status":"","sticky":false,"template":"","format":"standard","meta":{"footnotes":""},"categories":[1889],"tags":[1111,11,2813,2190,2430,1109,251,1112,2811,1777,674,118,1011,27,1922,1110,1114,2428,2810,12,241,316,25,2812,517,800],"class_list":{"0":"post-38934","1":"post","2":"type-post","3":"status-publish","4":"format-standard","5":"has-post-thumbnail","7":"category-lyon","8":"tag-actu","9":"tag-actualites","10":"tag-article","11":"tag-asvel","12":"tag-auvergne-rhone-alpes","13":"tag-breves","14":"tag-culture","15":"tag-depeches","16":"tag-economique","17":"tag-eu","18":"tag-europe","19":"tag-faits-divers","20":"tag-fr","21":"tag-france","22":"tag-info","23":"tag-informations","24":"tag-infos","25":"tag-lyon","26":"tag-lyonmag","27":"tag-news","28":"tag-ol","29":"tag-politique","30":"tag-republique-francaise","31":"tag-sociale","32":"tag-sport","33":"tag-transports"},"share_on_mastodon":{"url":"https:\/\/pubeurope.com\/@fr\/114370436364465268","error":""},"_links":{"self":[{"href":"https:\/\/www.europesays.com\/fr\/wp-json\/wp\/v2\/posts\/38934","targetHints":{"allow":["GET"]}}],"collection":[{"href":"https:\/\/www.europesays.com\/fr\/wp-json\/wp\/v2\/posts"}],"about":[{"href":"https:\/\/www.europesays.com\/fr\/wp-json\/wp\/v2\/types\/post"}],"author":[{"embeddable":true,"href":"https:\/\/www.europesays.com\/fr\/wp-json\/wp\/v2\/users\/2"}],"replies":[{"embeddable":true,"href":"https:\/\/www.europesays.com\/fr\/wp-json\/wp\/v2\/comments?post=38934"}],"version-history":[{"count":0,"href":"https:\/\/www.europesays.com\/fr\/wp-json\/wp\/v2\/posts\/38934\/revisions"}],"wp:featuredmedia":[{"embeddable":true,"href":"https:\/\/www.europesays.com\/fr\/wp-json\/wp\/v2\/media\/38935"}],"wp:attachment":[{"href":"https:\/\/www.europesays.com\/fr\/wp-json\/wp\/v2\/media?parent=38934"}],"wp:term":[{"taxonomy":"category","embeddable":true,"href":"https:\/\/www.europesays.com\/fr\/wp-json\/wp\/v2\/categories?post=38934"},{"taxonomy":"post_tag","embeddable":true,"href":"https:\/\/www.europesays.com\/fr\/wp-json\/wp\/v2\/tags?post=38934"}],"curies":[{"name":"wp","href":"https:\/\/api.w.org\/{rel}","templated":true}]}}