{"id":389341,"date":"2025-09-14T03:41:09","date_gmt":"2025-09-14T03:41:09","guid":{"rendered":"https:\/\/www.europesays.com\/fr\/389341\/"},"modified":"2025-09-14T03:41:09","modified_gmt":"2025-09-14T03:41:09","slug":"le-havre-a-quelle-heure-et-sur-quelle-chaine-regarder-le-match-de-ligue-1-en-direct","status":"publish","type":"post","link":"https:\/\/www.europesays.com\/fr\/389341\/","title":{"rendered":"Le Havre : \u00e0 quelle heure et sur quelle cha\u00eene regarder le match de Ligue 1 en direct ?"},"content":{"rendered":"<p>Les supporters alsaciens et normands ont coch\u00e9 la date : Strasbourg re\u00e7oit Le Havre ce dimanche apr\u00e8s-midi \u00e0 la Meinau pour une nouvelle journ\u00e9e de Ligue 1. Voici tout ce qu\u2019il faut savoir pour suivre la rencontre en direct.<\/p>\n<p>Le coup d\u2019envoi sera donn\u00e9 ce dimanche 14 septembre \u00e0 17h15 au stade de la Meinau, \u00e0 l\u2019occasion de la 4e journ\u00e9e de championnat. La rencontre sera diffus\u00e9e en direct sur Ligue 1+, diffuseur officiel de la comp\u00e9tition, ainsi que sur la plateforme DAZN.<\/p>\n<p><a href=\"https:\/\/www.jdoqocy.com\/click-9233517-17139035\" title=\"\ud83d\udd0e Regardez le match en direct sur Ligue 1+\" target=\"_blank\" rel=\"nofollow noopener\"><\/p>\n<p>\ud83d\udd0e Regardez le match en direct sur Ligue 1+<\/p>\n<p><\/a><a href=\"https:\/\/dazn.prf.hn\/click\/camref:1100lLQ6c\" title=\"\ud83d\udd0e Regardez le match en direct sur DAZN\" target=\"_blank\" rel=\"nofollow noopener\"><\/p>\n<p>\ud83d\udd0e Regardez le match en direct sur DAZN<\/p>\n<p><\/a>Strasbourg &#8211; Le Havre : un duel d\u00e9j\u00e0 capital en Ligue 1<\/p>\n<p>Le calendrier de la Ligue 1 offre une affiche int\u00e9ressante entre deux \u00e9quipes qui partagent le m\u00eame objectif : assurer leur maintien le plus rapidement possible. Chaque point compte d\u00e9j\u00e0 dans cette premi\u00e8re partie de saison, et ce Strasbourg &#8211; Le Havre pourrait peser lourd dans la suite du championnat. C\u00f4t\u00e9 alsacien, le RC Strasbourg compte bien profiter de l\u2019ambiance de la Meinau pour poursuivre sa belle dynamique \u00e0 domicile. Avec 6 points au compteur, les hommes de Liam Rosenior occupent pour l\u2019instant une encourageante 6e place. En face, Le Havre aborde ce d\u00e9placement avec l\u2019ambition de ramener au moins un point. Solides collectivement, les Normands souffrent toutefois d\u2019un d\u00e9ficit d\u00e9fensif : d\u00e9j\u00e0 6 buts encaiss\u00e9s pour seulement 5 inscrits. Avec 3 points et une 11e place provisoire, ils savent qu\u2019ils devront se montrer plus efficaces pour s\u2019\u00e9loigner de la zone rouge. Tout porte \u00e0 croire que cette rencontre sera disput\u00e9e, entre intensit\u00e9 physique et ajustements tactiques.<\/p>\n<p>Comment suivre le match Strasbourg &#8211; Le Havre avec l\u2019offre Ligue 1+ ?<\/p>\n<p>Pour regarder Strasbourg &#8211; Le Havre et la plupart des matchs de Ligue 1, il faut souscrire \u00e0 l\u2019abonnement Ligue 1+. L\u2019offre classique est propos\u00e9e \u00e0 14,99\u20ac\/mois avec un engagement d\u2019un an, ou 19,99\u20ac\/mois sans engagement. Elle permet de visionner jusqu\u2019\u00e0 huit rencontres par week-end. Une formule sp\u00e9ciale pour les moins de 26 ans est \u00e9galement disponible \u00e0 9,99\u20ac\/mois, exclusivement sur les plateformes en ligne.<\/p>\n<p><a href=\"https:\/\/dazn.prf.hn\/click\/camref:1100lLQ6c\" target=\"_blank\" class=\"external_link\" rel=\"nofollow noopener\">Cliquez ici pour profiter de l\u2019offre DAZN avec Ligue 1+<\/a><\/p>\n<p>Autre option : DAZN propose aussi le Pass Ligue 1+ \u00e0 16,99\u20ac\/mois avec un engagement d\u2019un an ou 21,99\u20ac\/mois sans engagement. La rencontre entre Strasbourg et Le Havre sera diffus\u00e9e ce dimanche 14 septembre \u00e0 17h15 sur la cha\u00eene Ligue 1+.<\/p>\n<p><a href=\"https:\/\/www.jdoqocy.com\/click-9233517-17139035\" target=\"_blank\" class=\"external_link\" rel=\"nofollow noopener\">Cliquez ici pour profiter de l\u2019offre Ligue 1+<\/a><\/p>\n<p>Ce contenu a \u00e9t\u00e9 r\u00e9alis\u00e9 par un expert de l\u2019\u00e9quipe shopping de RMC Sport, ind\u00e9pendante de la r\u00e9daction de RMC Sport. Les prix indiqu\u00e9s sont donn\u00e9s \u00e0 titre indicatif et sont susceptibles d\u2019\u00e9voluer. RMC Sport est susceptible de percevoir une r\u00e9mun\u00e9ration lorsqu\u2019un de nos lecteurs proc\u00e8de \u00e0 un achat via les liens int\u00e9gr\u00e9s dans cet article.<\/p>\n","protected":false},"excerpt":{"rendered":"Les supporters alsaciens et normands ont coch\u00e9 la date : Strasbourg re\u00e7oit Le Havre ce dimanche apr\u00e8s-midi \u00e0&hellip;\n","protected":false},"author":2,"featured_media":389342,"comment_status":"","ping_status":"","sticky":false,"template":"","format":"standard","meta":{"footnotes":""},"categories":[2820],"tags":[1111,11,1777,674,1011,27,775,12,25,640],"class_list":{"0":"post-389341","1":"post","2":"type-post","3":"status-publish","4":"format-standard","5":"has-post-thumbnail","7":"category-strasbourg","8":"tag-actu","9":"tag-actualites","10":"tag-eu","11":"tag-europe","12":"tag-fr","13":"tag-france","14":"tag-grand-est","15":"tag-news","16":"tag-republique-francaise","17":"tag-strasbourg"},"share_on_mastodon":{"url":"https:\/\/pubeurope.com\/@fr\/115200582168122978","error":""},"_links":{"self":[{"href":"https:\/\/www.europesays.com\/fr\/wp-json\/wp\/v2\/posts\/389341","targetHints":{"allow":["GET"]}}],"collection":[{"href":"https:\/\/www.europesays.com\/fr\/wp-json\/wp\/v2\/posts"}],"about":[{"href":"https:\/\/www.europesays.com\/fr\/wp-json\/wp\/v2\/types\/post"}],"author":[{"embeddable":true,"href":"https:\/\/www.europesays.com\/fr\/wp-json\/wp\/v2\/users\/2"}],"replies":[{"embeddable":true,"href":"https:\/\/www.europesays.com\/fr\/wp-json\/wp\/v2\/comments?post=389341"}],"version-history":[{"count":0,"href":"https:\/\/www.europesays.com\/fr\/wp-json\/wp\/v2\/posts\/389341\/revisions"}],"wp:featuredmedia":[{"embeddable":true,"href":"https:\/\/www.europesays.com\/fr\/wp-json\/wp\/v2\/media\/389342"}],"wp:attachment":[{"href":"https:\/\/www.europesays.com\/fr\/wp-json\/wp\/v2\/media?parent=389341"}],"wp:term":[{"taxonomy":"category","embeddable":true,"href":"https:\/\/www.europesays.com\/fr\/wp-json\/wp\/v2\/categories?post=389341"},{"taxonomy":"post_tag","embeddable":true,"href":"https:\/\/www.europesays.com\/fr\/wp-json\/wp\/v2\/tags?post=389341"}],"curies":[{"name":"wp","href":"https:\/\/api.w.org\/{rel}","templated":true}]}}