{"id":389343,"date":"2025-09-14T03:42:19","date_gmt":"2025-09-14T03:42:19","guid":{"rendered":"https:\/\/www.europesays.com\/fr\/389343\/"},"modified":"2025-09-14T03:42:19","modified_gmt":"2025-09-14T03:42:19","slug":"cecile-carreras-devot-nouvelle-deleguee-a-la-communication-de-la-chambre-3","status":"publish","type":"post","link":"https:\/\/www.europesays.com\/fr\/389343\/","title":{"rendered":"Cecile Carreras Devot, nouvelle d\u00e9l\u00e9gu\u00e9e \u00e0 la communication de la Chambre (\u2026)"},"content":{"rendered":"<p>                    <img loading=\"lazy\" decoding=\"async\" src=\"https:\/\/www.europesays.com\/fr\/wp-content\/uploads\/2025\/09\/71bba6a602c0624886c3fefef11a5e.png\" class=\"img-responsive post-image\" width=\"680\" height=\"510\" alt=\"Cecile Carreras Devot,\" title=\"Cecile Carreras Devot, nouvelle d\u00e9l\u00e9gu\u00e9e \u00e0 la communication de la Chambre des Notaires des Alpes Maritimes \"\/><\/p>\n<p class=\"chapo\">Ma\u00eetre C\u00e9cile Carreras Devot est la nouvelle d\u00e9l\u00e9gu\u00e9e \u00e0 la communication de la Chambre des Notaires des Alpes-Maritimes. Notaire associ\u00e9e depuis huit ans, elle a int\u00e9gr\u00e9 la profession en 2005 et mettra d\u00e9sormais son expertise et son engagement au service de la valorisation et de la p\u00e9dagogie autour du m\u00e9tier de notaire.<\/p>\n<p class=\"texte\">\u00ab\u00a0En rejoignant l\u2019\u00e9quipe de <strong>Laurent Libouban<\/strong> \u00e0 la Chambre des Notaires 06, j\u2019ai choisi de mettre mon \u00e9nergie au service d\u2019un objectif clair\u00a0: faire \u00e9voluer l\u2019image et la compr\u00e9hension de notre profession, en proposant une communication accessible, p\u00e9dagogique et tourn\u00e9e vers l\u2019avenir. \u00c9tendre l\u2019acte authentique est un d\u00e9fi intellectuel que nous devons mener pour la p\u00e9rennit\u00e9 de notre profession et pour les g\u00e9n\u00e9rations futures\u00a0\u00bb a d\u00e9clar\u00e9 C\u00e9cile Carreras Devot dans un post LinkedIn.<\/p>\n<p>Parall\u00e8lement \u00e0 son activit\u00e9 professionnelle, C\u00e9cile Carreras Devot est investie dans le milieu associatif en tant que tr\u00e9sori\u00e8re de l\u2019antenne locale de la Ligue contre le Cancer. Un engagement qui refl\u00e8te sa volont\u00e9 de contribuer au bien commun et de porter des projets \u00e0 forte dimension humaine.<\/p>\n<p>Avec cette nomination, la Chambre des Notaires 06 affirme sa volont\u00e9 de renforcer sa communication et son ouverture aupr\u00e8s du grand public, dans une dynamique tourn\u00e9e vers l\u2019avenir.<\/p>\n<p>Photo de une \u00a9Cecile Carreras Devot sur LinkedIn<\/p>\n","protected":false},"excerpt":{"rendered":"Ma\u00eetre C\u00e9cile Carreras Devot est la nouvelle d\u00e9l\u00e9gu\u00e9e \u00e0 la communication de la Chambre des Notaires des Alpes-Maritimes.&hellip;\n","protected":false},"author":2,"featured_media":386336,"comment_status":"","ping_status":"","sticky":false,"template":"","format":"standard","meta":{"footnotes":""},"categories":[2819],"tags":[1111,11,2408,1777,674,1011,27,12,2401,882,25],"class_list":{"0":"post-389343","1":"post","2":"type-post","3":"status-publish","4":"format-standard","5":"has-post-thumbnail","7":"category-nice","8":"tag-actu","9":"tag-actualites","10":"tag-appels-d","11":"tag-eu","12":"tag-europe","13":"tag-fr","14":"tag-france","15":"tag-news","16":"tag-nice","17":"tag-provence-alpes-cote-dazur","18":"tag-republique-francaise"},"share_on_mastodon":{"url":"https:\/\/pubeurope.com\/@fr\/115200586143286007","error":""},"_links":{"self":[{"href":"https:\/\/www.europesays.com\/fr\/wp-json\/wp\/v2\/posts\/389343","targetHints":{"allow":["GET"]}}],"collection":[{"href":"https:\/\/www.europesays.com\/fr\/wp-json\/wp\/v2\/posts"}],"about":[{"href":"https:\/\/www.europesays.com\/fr\/wp-json\/wp\/v2\/types\/post"}],"author":[{"embeddable":true,"href":"https:\/\/www.europesays.com\/fr\/wp-json\/wp\/v2\/users\/2"}],"replies":[{"embeddable":true,"href":"https:\/\/www.europesays.com\/fr\/wp-json\/wp\/v2\/comments?post=389343"}],"version-history":[{"count":0,"href":"https:\/\/www.europesays.com\/fr\/wp-json\/wp\/v2\/posts\/389343\/revisions"}],"wp:featuredmedia":[{"embeddable":true,"href":"https:\/\/www.europesays.com\/fr\/wp-json\/wp\/v2\/media\/386336"}],"wp:attachment":[{"href":"https:\/\/www.europesays.com\/fr\/wp-json\/wp\/v2\/media?parent=389343"}],"wp:term":[{"taxonomy":"category","embeddable":true,"href":"https:\/\/www.europesays.com\/fr\/wp-json\/wp\/v2\/categories?post=389343"},{"taxonomy":"post_tag","embeddable":true,"href":"https:\/\/www.europesays.com\/fr\/wp-json\/wp\/v2\/tags?post=389343"}],"curies":[{"name":"wp","href":"https:\/\/api.w.org\/{rel}","templated":true}]}}