{"id":389348,"date":"2025-09-14T03:46:24","date_gmt":"2025-09-14T03:46:24","guid":{"rendered":"https:\/\/www.europesays.com\/fr\/389348\/"},"modified":"2025-09-14T03:46:24","modified_gmt":"2025-09-14T03:46:24","slug":"dou-viennent-ces-caisses-de-bois-collectors-reparties-en-ville-lors-du-concert-de-rentree-de-lopera","status":"publish","type":"post","link":"https:\/\/www.europesays.com\/fr\/389348\/","title":{"rendered":"d\u2019o\u00f9 viennent ces caisses de bois collectors r\u00e9parties en ville lors du concert de rentr\u00e9e\u00a0de l\u2019Op\u00e9ra\u00a0?"},"content":{"rendered":"<p>Pour la quatri\u00e8me ann\u00e9e cons\u00e9cutive, l\u2019Op\u00e9ra de Bordeaux <a href=\"https:\/\/www.sudouest.fr\/gironde\/bordeaux\/bordeaux-dix-sites-vont-accueillir-la-retransmission-du-concert-de-lancement-de-saison-de-l-opera-25826348.php\" rel=\"nofollow noopener\" target=\"_blank\">diffuse dans une dizaine de places de Bordeaux le concert de rentr\u00e9e<\/a> qui est donn\u00e9 en m\u00eame temps \u00e0 l\u2019Auditorium, ce vendredi 12\u00a0septembre. Et pour la quatri\u00e8me ann\u00e9e, les stars en sont l\u2019Orchestre national Bordeaux-Aquitaine et son chef, Joseph Swensen, mais aussi les petites caisses en bois sur lesquelles les spectateurs s\u2019assoient pour suivre l\u2019heure et demie de musique sur \u00e9cran g\u00e9ant.<\/p>\n<p>        <img decoding=\"async\" id=\"25884173\" src=\"https:\/\/www.europesays.com\/fr\/wp-content\/uploads\/2025\/09\/yesdit-alban-gilbert-mairie-de-bordeaux.jpg\" alt=\"En 2024 on estime \u00e0 2000 le nombre de personnes qui ont suivi le concert de rentr\u00e9e de l\u2019Op\u00e9ra de Bordeaux sur \u00e9cran g\u00e9ant.\" itemprop=\"contentURL\"\/><\/p>\n<p>    En 2024 on estime \u00e0 2000 le nombre de personnes qui ont suivi le concert de rentr\u00e9e de l\u2019Op\u00e9ra de Bordeaux sur \u00e9cran g\u00e9ant.<\/p>\n<p>Alban Gilbert\u00a0\/\u00a0Mairie de Bordeaux<\/p>\n<p>Si\u00e8ges d\u2019un soir, ces caisses comportent aussi un QR Code \u00e0 flasher pour retrouver toute la programmation de l\u2019Op\u00e9ra, mais elles servent ensuite de rangements pour des livres ou de porte-bagages. \u00ab\u00a0D\u00e8s le lendemain du concert, on les retrouve pos\u00e9es sur des v\u00e9los dans les rues de Bordeaux\u00a0\u00bb, sourit Fr\u00e9d\u00e9ric Despujol, directeur g\u00e9n\u00e9ral de la Caisserie bordelaise.<\/p>\n<blockquote><p>\u00ab\u00a0D\u00e8s le lendemain du concert, on retrouve nos caisses pos\u00e9es sur des v\u00e9los dans les rues de Bordeaux\u00a0\u00bb<\/p><\/blockquote>\n<p>La Caisserie bordelaise, c\u2019est la soci\u00e9t\u00e9 libournaise qui fabrique ces caisses, massivement emport\u00e9es par le public quelques minutes apr\u00e8s la fin du concert. Cette entreprise, qui travaille pour le groupe Bernard Magrez ou les champagnes Billecart-Salmon et Philipponnat, en livre pas moins de 1\u00a0300 pour cette rentr\u00e9e musicale. En soignant la dimension collector de l\u2019objet. On y trouve une estampe sp\u00e9cifique\u00a0: \u00ab\u00a0Concert dans la ville, Joseph Swensen direction, mill\u00e9sime 2025.\u00a0\u00bb L\u2019an dernier c\u2019\u00e9tait \u00ab\u00a0Hymne \u00e0 la joie, concert dans la ville, mill\u00e9sime 2024\u00a0\u00bb. Et au fond de la caisse, on trouve un mode d\u2019emploi qui propose d\u2019en faire une corbeille pour fruits et l\u00e9gumes. Auparavant, il avait \u00e9t\u00e9 question d\u2019en faire un nichoir \u00e0 oiseaux.<\/p>\n<p>        <img decoding=\"async\" id=\"25884087\" src=\"https:\/\/www.europesays.com\/fr\/wp-content\/uploads\/2025\/09\/20250910-113117.jpg\" alt=\"La caisse \u00ab\u00a0mill\u00e9sime 2025\u00a0\u00bb, avec son estampe d\u00e9j\u00e0 collector.\" itemprop=\"contentURL\"\/><\/p>\n<p>    La caisse \u00ab\u00a0mill\u00e9sime 2025\u00a0\u00bb, avec son estampe d\u00e9j\u00e0 collector.<\/p>\n<p>Ch.\u00a0L.<\/p>\n<p>Allier art, \u00e9conomie et \u00e9coresponsabilit\u00e9\u00a0: la d\u00e9marche s\u2019est d\u00e9velopp\u00e9e au fur et mesure que ces th\u00e9matiques s\u2019imposaient dans le d\u00e9bat public. \u00ab\u00a0\u00c0 l\u2019origine, nous avions \u00e9t\u00e9 sollicit\u00e9s pour participer au financement de la retransmission du ballet \u2018\u2018Don Quichotte\u2019\u2019 place de la Com\u00e9die, en 2014, se souvient Fr\u00e9d\u00e9ric Despujol. Nous avons eu envie d\u2019aller plus loin en associant notre nom \u00e0 ce projet, qui pr\u00e9sente dans l\u2019espace public les spectacles qui se d\u00e9roulent dans l\u2019Auditorium ou le Grand-Th\u00e9\u00e2tre\u00a0: des bijoux architecturaux, mais dont les Girondins sont parfois r\u00e9ticents \u00e0 pousser les portes.\u00a0\u00bb<\/p>\n<p>        <img decoding=\"async\" id=\"25884258\" src=\"https:\/\/www.europesays.com\/fr\/wp-content\/uploads\/2025\/09\/20250903-103935.jpg\" alt=\"La fabrication des 1\u00a0300 caisses a repr\u00e9sent\u00e9 deux jours de travail par une dizaine de salari\u00e9s de la Caisserie bordelaise.\" itemprop=\"contentURL\"\/><\/p>\n<p>    La fabrication des 1\u00a0300 caisses a repr\u00e9sent\u00e9 deux jours de travail par une dizaine de salari\u00e9s de la Caisserie bordelaise.<\/p>\n<p>Caisserie bordelaise<\/p>\n<p>    5\u00a0\u00e0 10\u00a0000\u00a0euros de m\u00e9c\u00e9nat<\/p>\n<p>Le partenariat s\u2019est poursuivi avec des caisses produites pour la retransmission de l\u2019op\u00e9ra-bouffe \u00ab\u00a0La Vie parisienne\u00a0\u00bb en 2017, celles du concert d\u2019ouverture de saison depuis 2022, mais aussi pour la <a href=\"https:\/\/www.sudouest.fr\/gironde\/bordeaux\/opera-de-bordeaux-il-nous-faut-etre-plus-economes-si-on-veut-continuer-a-faire-de-la-culture-13711008.php\" target=\"_blank\" rel=\"follow nofollow noopener\">premi\u00e8re production \u00ab\u00a0z\u00e9ro achat\u00a0\u00bb<\/a> au Grand-Th\u00e9\u00e2tre en 2023\u00a0: un \u00ab\u00a0Requiem\u00a0\u00bb de Mozart mis en sc\u00e8ne en utilisant des modules qui servaient alternativement de si\u00e8ges, de pi\u00e9destal ou de cercueils. \u00ab\u00a0Ils \u00e9taient fabriqu\u00e9s avec des grandes planches qu\u2019on d\u00e9bite normalement pour faire nos caisses.\u00a0\u00bb<\/p>\n<p>La valeur \u00e9conomique de ce m\u00e9c\u00e9nat\u00a0? \u00ab\u00a0Entre 5\u00a0000\u00a0et 10\u00a0000\u00a0euros pour ce concert de rentr\u00e9e, en additionnant la fabrication et le transport\u00a0\u00bb, \u00e9value le directeur g\u00e9n\u00e9ral. En contrepartie, la Caisserie bordelaise b\u00e9n\u00e9ficie d\u2019invitations \u00e0 des spectacles durant la saison, de visites priv\u00e9es du Grand-Th\u00e9\u00e2tre et d\u2019ateliers de l\u2019Op\u00e9ra pour ses salari\u00e9s. \u00ab\u00a0Ils s\u2019aper\u00e7oivent que le travail du bois y r\u00e9pond aux m\u00eames exigences d\u2019esth\u00e9tique et de rigueur que dans notre entreprise. Apr\u00e8s ces visites, certains vont voir des ballets ou des op\u00e9ras alors qu\u2019ils ne l\u2019avaient jamais fait avant.\u00a0\u00bb<\/p>\n","protected":false},"excerpt":{"rendered":"Pour la quatri\u00e8me ann\u00e9e cons\u00e9cutive, l\u2019Op\u00e9ra de Bordeaux diffuse dans une dizaine de places de Bordeaux le concert&hellip;\n","protected":false},"author":2,"featured_media":389349,"comment_status":"","ping_status":"","sticky":false,"template":"","format":"standard","meta":{"footnotes":""},"categories":[2817],"tags":[1111,11,1997,1777,674,1011,27,12,2219,25],"class_list":{"0":"post-389348","1":"post","2":"type-post","3":"status-publish","4":"format-standard","5":"has-post-thumbnail","7":"category-bordeaux","8":"tag-actu","9":"tag-actualites","10":"tag-bordeaux","11":"tag-eu","12":"tag-europe","13":"tag-fr","14":"tag-france","15":"tag-news","16":"tag-nouvelle-aquitaine","17":"tag-republique-francaise"},"share_on_mastodon":{"url":"https:\/\/pubeurope.com\/@fr\/115200602030673844","error":""},"_links":{"self":[{"href":"https:\/\/www.europesays.com\/fr\/wp-json\/wp\/v2\/posts\/389348","targetHints":{"allow":["GET"]}}],"collection":[{"href":"https:\/\/www.europesays.com\/fr\/wp-json\/wp\/v2\/posts"}],"about":[{"href":"https:\/\/www.europesays.com\/fr\/wp-json\/wp\/v2\/types\/post"}],"author":[{"embeddable":true,"href":"https:\/\/www.europesays.com\/fr\/wp-json\/wp\/v2\/users\/2"}],"replies":[{"embeddable":true,"href":"https:\/\/www.europesays.com\/fr\/wp-json\/wp\/v2\/comments?post=389348"}],"version-history":[{"count":0,"href":"https:\/\/www.europesays.com\/fr\/wp-json\/wp\/v2\/posts\/389348\/revisions"}],"wp:featuredmedia":[{"embeddable":true,"href":"https:\/\/www.europesays.com\/fr\/wp-json\/wp\/v2\/media\/389349"}],"wp:attachment":[{"href":"https:\/\/www.europesays.com\/fr\/wp-json\/wp\/v2\/media?parent=389348"}],"wp:term":[{"taxonomy":"category","embeddable":true,"href":"https:\/\/www.europesays.com\/fr\/wp-json\/wp\/v2\/categories?post=389348"},{"taxonomy":"post_tag","embeddable":true,"href":"https:\/\/www.europesays.com\/fr\/wp-json\/wp\/v2\/tags?post=389348"}],"curies":[{"name":"wp","href":"https:\/\/api.w.org\/{rel}","templated":true}]}}