{"id":389354,"date":"2025-09-14T03:49:11","date_gmt":"2025-09-14T03:49:11","guid":{"rendered":"https:\/\/www.europesays.com\/fr\/389354\/"},"modified":"2025-09-14T03:49:11","modified_gmt":"2025-09-14T03:49:11","slug":"generville-une-journee-a-toulouse-avec-lamicale-laique","status":"publish","type":"post","link":"https:\/\/www.europesays.com\/fr\/389354\/","title":{"rendered":"Generville. Une journ\u00e9e \u00e0 Toulouse avec l\u2019Amicale la\u00efque"},"content":{"rendered":"<p>Initi\u00e9e et dirig\u00e9e par Fran\u00e7ois Delarozi\u00e8re, la Compagnie de la Machine est n\u00e9e de la collaboration d\u2019artistes, techniciens et d\u00e9corateurs autour de la construction d\u2019objets de spectacles atypiques. Dans la Halle de la Machine, \u00e0 Toulouse, on peut voir quelques exemplaires de ces machines g\u00e9antes comme Ast\u00e9rion le Minotaure, Ariane l\u2019araign\u00e9e et Long Ma la jument-dragonne, cr\u00e9\u00e9e sp\u00e9cialement pour un spectacle \u00e0 P\u00e9kin. Ces extraordinaires m\u00e9caniques peuvent peser plusieurs tonnes ! Il en existe de plus petites, moins imposantes mais tout aussi remarquables. La machiniste attitr\u00e9e aux visiteurs de l\u2019Amicale la\u00efque n\u2019a pas manqu\u00e9 d\u2019en faire fonctionner quelques-unes. Il fallait voir leur \u00e9tonnement, impressionn\u00e9s par l\u2019imagination, l\u2019ing\u00e9niosit\u00e9, le sens de l\u2019humour et parfois la folie des concepteurs. Des machines incroyables comme celles qui permettent de servir un repas \u00e0 une trentaine de personnes, ou encore ces ensembles musicaux : la roue aux guitares et le duo accord\u00e9on-batterie\u2026 Un voyage au pays des merveilles m\u00e9caniques !<\/p>\n<p>Apr\u00e8s le repas pris au MinotaureCaf\u00e9, le groupe s\u2019est rendu au Quai de la Daurade pour embarquer sur une p\u00e9niche de la compagnie des Bateaux Toulousains pour faire une balade nautique sur le canal de Brienne et sur la Garonne. Une fa\u00e7on de d\u00e9couvrir sous un angle inhabituel quelques-uns des plus beaux monuments de la ville rose.<\/p>\n<p>Une agr\u00e9able journ\u00e9e pleine de surprises pass\u00e9e dans la capitale de l\u2019Occitanie.<\/p>\n","protected":false},"excerpt":{"rendered":"Initi\u00e9e et dirig\u00e9e par Fran\u00e7ois Delarozi\u00e8re, la Compagnie de la Machine est n\u00e9e de la collaboration d\u2019artistes, techniciens&hellip;\n","protected":false},"author":2,"featured_media":389355,"comment_status":"","ping_status":"","sticky":false,"template":"","format":"standard","meta":{"footnotes":""},"categories":[2816],"tags":[1111,11,1777,674,1011,27,12,2680,25,2312],"class_list":{"0":"post-389354","1":"post","2":"type-post","3":"status-publish","4":"format-standard","5":"has-post-thumbnail","7":"category-toulouse","8":"tag-actu","9":"tag-actualites","10":"tag-eu","11":"tag-europe","12":"tag-fr","13":"tag-france","14":"tag-news","15":"tag-occitanie","16":"tag-republique-francaise","17":"tag-toulouse"},"share_on_mastodon":{"url":"https:\/\/pubeurope.com\/@fr\/115200613595788104","error":""},"_links":{"self":[{"href":"https:\/\/www.europesays.com\/fr\/wp-json\/wp\/v2\/posts\/389354","targetHints":{"allow":["GET"]}}],"collection":[{"href":"https:\/\/www.europesays.com\/fr\/wp-json\/wp\/v2\/posts"}],"about":[{"href":"https:\/\/www.europesays.com\/fr\/wp-json\/wp\/v2\/types\/post"}],"author":[{"embeddable":true,"href":"https:\/\/www.europesays.com\/fr\/wp-json\/wp\/v2\/users\/2"}],"replies":[{"embeddable":true,"href":"https:\/\/www.europesays.com\/fr\/wp-json\/wp\/v2\/comments?post=389354"}],"version-history":[{"count":0,"href":"https:\/\/www.europesays.com\/fr\/wp-json\/wp\/v2\/posts\/389354\/revisions"}],"wp:featuredmedia":[{"embeddable":true,"href":"https:\/\/www.europesays.com\/fr\/wp-json\/wp\/v2\/media\/389355"}],"wp:attachment":[{"href":"https:\/\/www.europesays.com\/fr\/wp-json\/wp\/v2\/media?parent=389354"}],"wp:term":[{"taxonomy":"category","embeddable":true,"href":"https:\/\/www.europesays.com\/fr\/wp-json\/wp\/v2\/categories?post=389354"},{"taxonomy":"post_tag","embeddable":true,"href":"https:\/\/www.europesays.com\/fr\/wp-json\/wp\/v2\/tags?post=389354"}],"curies":[{"name":"wp","href":"https:\/\/api.w.org\/{rel}","templated":true}]}}