{"id":389358,"date":"2025-09-14T03:52:12","date_gmt":"2025-09-14T03:52:12","guid":{"rendered":"https:\/\/www.europesays.com\/fr\/389358\/"},"modified":"2025-09-14T03:52:12","modified_gmt":"2025-09-14T03:52:12","slug":"martine-vassal-annonce-sa-candidature-2","status":"publish","type":"post","link":"https:\/\/www.europesays.com\/fr\/389358\/","title":{"rendered":"Martine Vassal annonce sa candidature"},"content":{"rendered":"<p>\u00ab\u00a0Marseille je t\u2019aime et je serai candidate.\u00a0\u00bb Apr\u00e8s des semaines de tergiversations \u00e0 droite, la r\u00e9v\u00e9lation d&rsquo;une enqu\u00eate men\u00e9e par le parquet apr\u00e8s un signalement la visant pour <a href=\"https:\/\/www.laprovence.com\/article\/faits-divers-justice\/2091342222214814\/martine-vassal-enquete-ouverte-pour-detournement-de-fonds-et-corruption-a-la-suite-dun-signalement-a-son-encontre\" target=\"_blank\" rel=\"noopener\">d\u00e9tournement de fonds publics<\/a>,<strong> Martine Vassal vient d&rsquo;officialiser sa candidature<\/strong> \u00e0 la t\u00eate d&rsquo;une liste d&rsquo;union de la droite et du centre \u00e0 la reconqu\u00eate de la mairie de <a href=\"https:\/\/www.laprovence.com\/bouches-du-rhone\/marseille-13055\" target=\"_blank\" rel=\"noopener\">Marseille <\/a>en mars 2026.<\/p>\n<p>\u00ab\u00a0Nous sommes pr\u00eats \u00e0 reprendre cette ville \u00e0 cette gauche\u00a0\u00bb qui \u00ab\u00a0dilapide l\u2019argent qui est dans nos caisses pour faire des \u00e9v\u00e9nements et du karaok\u00e9 alors que nos secteurs manquent d\u2019infrastructures.\u00a0\u00bb<\/p>\n<p>Lors des discours de cl\u00f4ture des universit\u00e9s d\u2019\u00e9t\u00e9 de la droite et du centre sous le th\u00e8me \u00ab\u00a0Tous unis sous les m\u00eames couleurs\u00a0\u00bb aux halles de la major ce samedi, Martine Vassal a rappel\u00e9 qu\u2019il y a six ans jour pour jour, elle se lan\u00e7ait dans la bataille municipale, mais dans d\u2019autres conditions. \u00ab\u00a0Aujourd\u2019hui l\u2019union, nous l\u2019avons.\u00a0\u00bb<\/p>\n<p>Apr\u00e8s les divisions fratricides \u00e0 droite qui avait conduit \u00e0 la d\u00e9faite de <a href=\"https:\/\/www.laprovence.com\/article\/politique\/17555104517033\/accusee-de-detournements-de-fonds-publics-au-departement-martine-vassal-replique\" target=\"_blank\" rel=\"noopener\">Martine Vassal<\/a> aux \u00e9lections municipales en 2020, c\u2019est le visage d\u2019une droite unie et r\u00e9concili\u00e9e qu\u2019elle a pr\u00e9sent\u00e9e en pr\u00e9sence de <a href=\"https:\/\/www.laprovence.com\/article\/elections\/2906107363747914\/renaud-muselier-met-le-cap-sur-les-elections-municipales-de-2026-ce-vendredi-a-aix-en-provence\" target=\"_blank\" rel=\"noopener\">Renaud Muselier <\/a>: \u00ab\u00a0On est tous l\u00e0 et \u00e7a va marcher ! Et je p\u00e8serai de tout mon poids\u00a0\u00bb &#8211; mais aussi d\u2019Yvon Berland (LREM) qui s\u2019\u00e9tait maintenu contre Martine Vassal au deuxi\u00e8me tour dans les 6e-8e et Bruno Gilles, ancien s\u00e9nateur-maire des R\u00e9publicains, qui avait conduit une liste dissidente. \u00ab\u00a0Il n\u2019y a pas de clan, pas d\u2019entre soi, que des gens qui veulent construire une vision pour tous les Marseillais\u00a0\u00bb, a-t-elle d\u00e9clar\u00e9.<\/p>\n","protected":false},"excerpt":{"rendered":"\u00ab\u00a0Marseille je t\u2019aime et je serai candidate.\u00a0\u00bb Apr\u00e8s des semaines de tergiversations \u00e0 droite, la r\u00e9v\u00e9lation d&rsquo;une enqu\u00eate&hellip;\n","protected":false},"author":2,"featured_media":389359,"comment_status":"","ping_status":"","sticky":false,"template":"","format":"standard","meta":{"footnotes":""},"categories":[2814],"tags":[17,1111,11,2562,47636,5949,1777,674,1011,27,884,10203,3434,12,882,25,14243],"class_list":{"0":"post-389358","1":"post","2":"type-post","3":"status-publish","4":"format-standard","5":"has-post-thumbnail","7":"category-marseille","8":"tag-17","9":"tag-actu","10":"tag-actualites","11":"tag-annonce","12":"tag-candidature","13":"tag-elections","14":"tag-eu","15":"tag-europe","16":"tag-fr","17":"tag-france","18":"tag-marseille","19":"tag-martine","20":"tag-municipales-2026","21":"tag-news","22":"tag-provence-alpes-cote-dazur","23":"tag-republique-francaise","24":"tag-vassal"},"share_on_mastodon":{"url":"https:\/\/pubeurope.com\/@fr\/115200625438661287","error":""},"_links":{"self":[{"href":"https:\/\/www.europesays.com\/fr\/wp-json\/wp\/v2\/posts\/389358","targetHints":{"allow":["GET"]}}],"collection":[{"href":"https:\/\/www.europesays.com\/fr\/wp-json\/wp\/v2\/posts"}],"about":[{"href":"https:\/\/www.europesays.com\/fr\/wp-json\/wp\/v2\/types\/post"}],"author":[{"embeddable":true,"href":"https:\/\/www.europesays.com\/fr\/wp-json\/wp\/v2\/users\/2"}],"replies":[{"embeddable":true,"href":"https:\/\/www.europesays.com\/fr\/wp-json\/wp\/v2\/comments?post=389358"}],"version-history":[{"count":0,"href":"https:\/\/www.europesays.com\/fr\/wp-json\/wp\/v2\/posts\/389358\/revisions"}],"wp:featuredmedia":[{"embeddable":true,"href":"https:\/\/www.europesays.com\/fr\/wp-json\/wp\/v2\/media\/389359"}],"wp:attachment":[{"href":"https:\/\/www.europesays.com\/fr\/wp-json\/wp\/v2\/media?parent=389358"}],"wp:term":[{"taxonomy":"category","embeddable":true,"href":"https:\/\/www.europesays.com\/fr\/wp-json\/wp\/v2\/categories?post=389358"},{"taxonomy":"post_tag","embeddable":true,"href":"https:\/\/www.europesays.com\/fr\/wp-json\/wp\/v2\/tags?post=389358"}],"curies":[{"name":"wp","href":"https:\/\/api.w.org\/{rel}","templated":true}]}}