{"id":38936,"date":"2025-04-20T13:05:25","date_gmt":"2025-04-20T13:05:25","guid":{"rendered":"https:\/\/www.europesays.com\/fr\/38936\/"},"modified":"2025-04-20T13:05:25","modified_gmt":"2025-04-20T13:05:25","slug":"le-suspect-mis-en-examen","status":"publish","type":"post","link":"https:\/\/www.europesays.com\/fr\/38936\/","title":{"rendered":"le suspect mis en examen"},"content":{"rendered":"<p>D\u00e9but avril, un homme avait \u00e9t\u00e9 interpell\u00e9, soup\u00e7onn\u00e9 de viol sur mineur, commis dans l\u2019enceinte de la piscine Garibaldi, dans le 3e\u00a0 arrondissement de Lyon.<\/p>\n<p>Le suspect avait \u00e9t\u00e9 pr\u00e9sent\u00e9 \u00e0 un juge d\u2019instruction par le parquet \u00ab\u00a0avec r\u00e9quisition de mandat de d\u00e9p\u00f4t, dans le cadre d\u2019une information judiciaire ouverte du chef de viol sur mineur de 15 ans\u00a0\u00bb, indique le parquet de Lyon \u00e0 nos confr\u00e8res de l\u2019AFP ce vendredi. Cet homme a \u00e9t\u00e9 mis en examen, et plac\u00e9 sous contr\u00f4le judiciaire.<\/p>\n<p>  \u00ab\u00a0Interdiction de se rendre dans les piscines accueillant des mineurs\u00a0\u00bb<\/p>\n<p>Ce contr\u00f4le judiciaire est \u00ab\u00a0assorti notamment d\u2019une interdiction de se rendre dans les piscines et tous les \u00e9tablissements sportifs accueillant des mineurs ainsi que l\u2019interdiction d\u2019exercer une activit\u00e9 impliquant un contact avec des mineurs\u00a0\u00bb, explique le parquet \u00e0 l\u2019AFP. Pr\u00e9cisons que le parquet ne livre aucune information sur les faits, ni sur la date \u00e0 laquelle ils ont \u00e9t\u00e9 commis. \u00ab\u00a0Les investigations se poursuivent sous l\u2019autorit\u00e9 d\u2019un magistrat instructeur\u00a0\u00bb, conclut le parquet.<\/p>\n<p>Dans un communiqu\u00e9, la mairie de Lyon a \u00ab\u00a0condamn\u00e9 avec la plus grande fermet\u00e9 les faits d\u2019une extr\u00eame gravit\u00e9 survenus \u00e0 la piscine Garibaldi\u00a0\u00bb et exprim\u00e9 \u00ab\u00a0tout son soutien \u00e0 la jeune victime et sa famille\u00a0\u00bb. La Ville pr\u00e9cise que \u00ab\u00a0la pr\u00e9sence d\u2019un agent dans les vestiaires\u00a0\u00bb ainsi que \u00ab\u00a0la vid\u00e9osurveillance ont permis une action rapide et efficace\u00a0\u00bb.<\/p>\n<p>  Un autre homme arr\u00eat\u00e9 fin mars<\/p>\n<p>Le 30\u00a0mars, <a href=\"https:\/\/www.leprogres.fr\/faits-divers-justice\/2025\/03\/30\/soupconne-d-agressions-sexuelles-a-la-piscine-garibaldi-un-homme-interpelle\" target=\"_blank\" rel=\"noopener\">un autre homme avait \u00e9t\u00e9 interpell\u00e9 dans la m\u00eame piscine Garibaldi<\/a> \u00ab\u00a0peu apr\u00e8s\u00a0\u00bb des \u00ab\u00a0faits d\u2019agressions sexuelles d\u00e9nonc\u00e9s par plusieurs femmes, compl\u00e8te le parquet. Poursuivi du chef d\u2019agressions sexuelles\u00a0\u00bb, il a \u00e9t\u00e9 plac\u00e9 sous contr\u00f4le judiciaire dans l\u2019attente d\u2019une audience au tribunal fix\u00e9e au 25\u00a0septembre\u00a02025, indique l\u2019AFP.<\/p>\n","protected":false},"excerpt":{"rendered":"D\u00e9but avril, un homme avait \u00e9t\u00e9 interpell\u00e9, soup\u00e7onn\u00e9 de viol sur mineur, commis dans l\u2019enceinte de la piscine&hellip;\n","protected":false},"author":2,"featured_media":38937,"comment_status":"","ping_status":"","sticky":false,"template":"","format":"standard","meta":{"footnotes":""},"categories":[1889],"tags":[1111,11,2430,271,272,2757,1777,674,274,107,1011,27,2428,4751,4750,12,25,2429,3151],"class_list":{"0":"post-38936","1":"post","2":"type-post","3":"status-publish","4":"format-standard","5":"has-post-thumbnail","7":"category-lyon","8":"tag-actu","9":"tag-actualites","10":"tag-auvergne-rhone-alpes","11":"tag-crime","12":"tag-delit-et-contravention","13":"tag-edition-lyon-villeurbanne","14":"tag-eu","15":"tag-europe","16":"tag-faits-divers-justice","17":"tag-fil-info","18":"tag-fr","19":"tag-france","20":"tag-lyon","21":"tag-lyon-3e","22":"tag-lyon-3e-arrondissement","23":"tag-news","24":"tag-republique-francaise","25":"tag-rhone","26":"tag-selection-de-la-redaction-69"},"share_on_mastodon":{"url":"https:\/\/pubeurope.com\/@fr\/114370440264785188","error":""},"_links":{"self":[{"href":"https:\/\/www.europesays.com\/fr\/wp-json\/wp\/v2\/posts\/38936","targetHints":{"allow":["GET"]}}],"collection":[{"href":"https:\/\/www.europesays.com\/fr\/wp-json\/wp\/v2\/posts"}],"about":[{"href":"https:\/\/www.europesays.com\/fr\/wp-json\/wp\/v2\/types\/post"}],"author":[{"embeddable":true,"href":"https:\/\/www.europesays.com\/fr\/wp-json\/wp\/v2\/users\/2"}],"replies":[{"embeddable":true,"href":"https:\/\/www.europesays.com\/fr\/wp-json\/wp\/v2\/comments?post=38936"}],"version-history":[{"count":0,"href":"https:\/\/www.europesays.com\/fr\/wp-json\/wp\/v2\/posts\/38936\/revisions"}],"wp:featuredmedia":[{"embeddable":true,"href":"https:\/\/www.europesays.com\/fr\/wp-json\/wp\/v2\/media\/38937"}],"wp:attachment":[{"href":"https:\/\/www.europesays.com\/fr\/wp-json\/wp\/v2\/media?parent=38936"}],"wp:term":[{"taxonomy":"category","embeddable":true,"href":"https:\/\/www.europesays.com\/fr\/wp-json\/wp\/v2\/categories?post=38936"},{"taxonomy":"post_tag","embeddable":true,"href":"https:\/\/www.europesays.com\/fr\/wp-json\/wp\/v2\/tags?post=38936"}],"curies":[{"name":"wp","href":"https:\/\/api.w.org\/{rel}","templated":true}]}}