{"id":389360,"date":"2025-09-14T03:53:17","date_gmt":"2025-09-14T03:53:17","guid":{"rendered":"https:\/\/www.europesays.com\/fr\/389360\/"},"modified":"2025-09-14T03:53:17","modified_gmt":"2025-09-14T03:53:17","slug":"martine-vassal-candidate-de-la-droite-et-du-centre-veut-reprendre-marseille-actualites","status":"publish","type":"post","link":"https:\/\/www.europesays.com\/fr\/389360\/","title":{"rendered":"Martine Vassal, candidate de la droite et du centre, veut \u00ab\u00a0reprendre\u00a0\u00bb Marseille : Actualit\u00e9s"},"content":{"rendered":"<p class=\"lead \">\u00ab\u00a0Nous sommes pr\u00eats \u00e0 reprendre cette ville aux mains de cette gauche\u00a0\u00bb: c&rsquo;est par ces mots que Martine Vassal a officialis\u00e9 samedi sa candidature aux municipales \u00e0 Marseille sous la banni\u00e8re de la droite et du centre.<\/p>\n<p class=\"lead \">Deuxi\u00e8me candidate \u00e0 se lancer apr\u00e8s le d\u00e9put\u00e9 du Rassemblement national Franck Allisio, Martine Vassal retente sa chance apr\u00e8s sa cuisante d\u00e9faite de 2020 et le basculement \u00e0 gauche de la deuxi\u00e8me ville de France, apr\u00e8s 25 ans de r\u00e8gne du LR Jean-Claude Gaudin, aujourd&rsquo;hui d\u00e9c\u00e9d\u00e9. <\/p>\n<p class=\"lead \">Mais cette fois, c&rsquo;est diff\u00e9rent.<\/p>\n<p class=\"lead \">A l&rsquo;\u00e9poque, \u00ab\u00a0il nous manquait un ph\u00e9nom\u00e8ne f\u00e9d\u00e9rateur\u00a0\u00bb mais \u00ab\u00a0cette union, aujourd\u2019hui, nous l\u2019avons\u00a0\u00bb, a d\u00e9clar\u00e9 celle qui est d\u00e9j\u00e0 pr\u00e9sidente du Conseil d\u00e9partemental des Bouches-du-Rh\u00f4ne et de la m\u00e9tropole Aix-Marseille-Provence, en cl\u00f4ture des universit\u00e9s d&rsquo;\u00e9t\u00e9 de Une G\u00e9n\u00e9ration pour Marseille.<\/p>\n<p class=\"lead \">Symbole s&rsquo;il en fallait de cette union travaill\u00e9e depuis plus d&rsquo;un an par ce collectif pilot\u00e9 par Romain Simmarano, directeur de cabinet de Renaud Muselier: les pr\u00e9sences de l&rsquo;ex-secr\u00e9taire d\u2019Etat et proche du couple Macron Sabrina Agresti-Roubache et de la s\u00e9natrice Les R\u00e9publicains des Bouches-du-Rh\u00f4ne Val\u00e9rie Boyer.<\/p>\n<p class=\"lead \">\u00ab\u00a0On ne peut gagner que si on additionne\u00a0\u00bb, avait lanc\u00e9 \u00e0 la tribune juste avant le pr\u00e9sident Renaissance Renaud Muselier de la r\u00e9gion Provence-Alpes-C\u00f4te d&rsquo;Azur qui a promis de \u00ab\u00a0peser de tout son poids\u00a0\u00bb pour la faire gagner en mars 2026.<\/p>\n<p class=\"lead \">Dessinant d\u00e9j\u00e0 ses propositions, cette ex-cheffe d&rsquo;entreprise \u00e2g\u00e9e de 63 ans a fait de la s\u00e9curit\u00e9 et de l&rsquo;\u00e9conomie ses priorit\u00e9s. Dans un discours tr\u00e8s droitier, cette ex-LR qui se pr\u00e9sente d\u00e9sormais comme divers droite a estim\u00e9 qu'\u00a0\u00bbon peut \u00eatre attach\u00e9 \u00e0 l&rsquo;ordre, au respect \u00e0 l&rsquo;autorit\u00e9 sans \u00eatre d&rsquo;extr\u00eame-droite\u00a0\u00bb.<\/p>\n<p class=\"lead \">Marseille sera un point chaud des municipales o\u00f9 le maire divers gauche sortant Beno\u00eet Payan n&rsquo;a pas encore annonc\u00e9 ses intentions m\u00eame s&rsquo;il r\u00e9p\u00e8te que \u00ab\u00a0pour changer une ville, six ans, \u00e7a ne suffit pas\u00a0\u00bb. <\/p>\n<p class=\"lead \">&#8211; \u00ab\u00a0campagnes de caniveau\u00a0\u00bb &#8211;<\/p>\n<p class=\"lead \">Au micro samedi soir, tous ont raill\u00e9 le \u00ab\u00a0maire non \u00e9lu\u00a0\u00bb. Une r\u00e9f\u00e9rence \u00e0 l&rsquo;\u00e9cologiste Mich\u00e8le Rubirola, porte drapeau de l&rsquo;union de gauche, \u00e9cologiste et citoyenne du Printemps Marseillais, qui avait \u00e9t\u00e9 \u00e9lue en 2020 mais avait jet\u00e9 l&rsquo;\u00e9ponge six mois plus tard pour \u00ab\u00a0raisons de sant\u00e9\u00a0\u00bb, passant le relais \u00e0 l&rsquo;ex-socialiste Beno\u00eet Payan.<\/p>\n<p class=\"lead \">Et si Martine Vassal a r\u00e9ussi \u00e0 f\u00e9d\u00e9rer, ce n&rsquo;est pas le cas \u00e0 ce stade des autres camps.<\/p>\n<p class=\"lead \">Beno\u00eet Payan, s&rsquo;il part, r\u00e9ussira-t-il \u00e0 refaire une union au moins avec les \u00e9cologistes ? A ce stade une alliance avec La France insoumise semble exclue et d\u00e9put\u00e9 de Marseille S\u00e9bastien Delogu a d&rsquo;ailleurs d\u00e9j\u00e0 promis \u00ab\u00a0une liste insoumise \u00e0 Marseille\u00a0\u00bb.<\/p>\n<p class=\"lead \">S\u00e9bastien Barles, adjoint \u00e9cologiste au maire, a de son c\u00f4t\u00e9 samedi de nouveau appel\u00e9 \u00e0 une union allant jusqu&rsquo;\u00e0 LFI pour \u00ab\u00a0faire barrage \u00e0 Martine Vassal\u00a0\u00bb, d\u00e9non\u00e7ant \u00ab\u00a0sa course folle vers le RN\u00a0\u00bb.<\/p>\n<p class=\"lead \">A l&rsquo;extr\u00eame-droite, Franck Allisio s&rsquo;est d\u00e9j\u00e0 d\u00e9clar\u00e9, fort des trois d\u00e9put\u00e9s obtenus avec l&rsquo;alliance RN-Ciotti (sur sept) \u00e0 Marseille aux derni\u00e8res l\u00e9gislatives et de ses 30% aux \u00e9lections europ\u00e9ennes. Mais pas question \u00e0 ce stade d&rsquo;un partenariat avec le s\u00e9nateur ex-RN et ex-Reconqu\u00eate St\u00e9phane Ravier, qui a pourtant une notori\u00e9t\u00e9 locale plus importante que lui.<\/p>\n<p class=\"lead \">Franck Allisio a jur\u00e9 vendredi que \u00ab\u00a0beaucoup de personnes de la soci\u00e9t\u00e9 civile\u00a0\u00bb, \u00ab\u00a0de la police, justice\u00a0\u00bb, le rejoignaient, d\u00e9non\u00e7ant une nouvelle fois le \u00ab\u00a0bin\u00f4me socialo-macroniste\u00a0\u00bb Payan\/Vassal qui dirigent selon lui Marseille.<\/p>\n<p class=\"lead \">Outre ses adversaires, Martine Vassal a au moins deux cailloux sur son chemin vers l&rsquo;H\u00f4tel de ville du Vieux-Port. D&rsquo;abord, une enqu\u00eate pr\u00e9liminaire en cours notamment pour d\u00e9tournement de fonds et trafic d&rsquo;influence apr\u00e8s un signalement d&rsquo;un ancien fonctionnaire au sein du d\u00e9partement des Bouches-du-Rh\u00f4ne qu\u2019elle dirige. <\/p>\n<p class=\"lead \">\u00ab\u00a0Dans cette campagne rien ne nous sera \u00e9pargn\u00e9\u00a0\u00bb et \u00ab\u00a0on est d\u00e9j\u00e0 victime de campagnes de caniveau\u00a0\u00bb, a-t-elle raill\u00e9 samedi soir. <\/p>\n<p class=\"lead \">Ensuite, un \u00e9lu d\u00e9partemental de sa majorit\u00e9, le chirurgien Fr\u00e9d\u00e9ric Collart, travaille \u00e0 une candidature estampill\u00e9e soci\u00e9t\u00e9 civile.<\/p>\n<p class=\"lead \">Autre inconnue \u00e0 Marseille, comme \u00e0 Lyon ou Paris: un changement de mode de scrutin avec la mise en place de deux urnes, l&rsquo;une pour \u00e9lire les membres du Conseil de la mairie centrale et l&rsquo;autre pour \u00e9lire les maires de secteur.<\/p>\n<p class=\"small font-weight-bold text-gray3 \"> publi\u00e9 le 13 septembre \u00e0 22h36, AFP<\/p>\n<p>                             Partager<\/p>\n","protected":false},"excerpt":{"rendered":"\u00ab\u00a0Nous sommes pr\u00eats \u00e0 reprendre cette ville aux mains de cette gauche\u00a0\u00bb: c&rsquo;est par ces mots que Martine&hellip;\n","protected":false},"author":2,"featured_media":389361,"comment_status":"","ping_status":"","sticky":false,"template":"","format":"standard","meta":{"footnotes":""},"categories":[2814],"tags":[11910,1111,11,4725,1777,674,1011,27,884,12,316,882,25],"class_list":{"0":"post-389360","1":"post","2":"type-post","3":"status-publish","4":"format-standard","5":"has-post-thumbnail","7":"category-marseille","8":"tag-lections","9":"tag-actu","10":"tag-actualites","11":"tag-collectivits","12":"tag-eu","13":"tag-europe","14":"tag-fr","15":"tag-france","16":"tag-marseille","17":"tag-news","18":"tag-politique","19":"tag-provence-alpes-cote-dazur","20":"tag-republique-francaise"},"share_on_mastodon":{"url":"https:\/\/pubeurope.com\/@fr\/115200629434719702","error":""},"_links":{"self":[{"href":"https:\/\/www.europesays.com\/fr\/wp-json\/wp\/v2\/posts\/389360","targetHints":{"allow":["GET"]}}],"collection":[{"href":"https:\/\/www.europesays.com\/fr\/wp-json\/wp\/v2\/posts"}],"about":[{"href":"https:\/\/www.europesays.com\/fr\/wp-json\/wp\/v2\/types\/post"}],"author":[{"embeddable":true,"href":"https:\/\/www.europesays.com\/fr\/wp-json\/wp\/v2\/users\/2"}],"replies":[{"embeddable":true,"href":"https:\/\/www.europesays.com\/fr\/wp-json\/wp\/v2\/comments?post=389360"}],"version-history":[{"count":0,"href":"https:\/\/www.europesays.com\/fr\/wp-json\/wp\/v2\/posts\/389360\/revisions"}],"wp:featuredmedia":[{"embeddable":true,"href":"https:\/\/www.europesays.com\/fr\/wp-json\/wp\/v2\/media\/389361"}],"wp:attachment":[{"href":"https:\/\/www.europesays.com\/fr\/wp-json\/wp\/v2\/media?parent=389360"}],"wp:term":[{"taxonomy":"category","embeddable":true,"href":"https:\/\/www.europesays.com\/fr\/wp-json\/wp\/v2\/categories?post=389360"},{"taxonomy":"post_tag","embeddable":true,"href":"https:\/\/www.europesays.com\/fr\/wp-json\/wp\/v2\/tags?post=389360"}],"curies":[{"name":"wp","href":"https:\/\/api.w.org\/{rel}","templated":true}]}}