{"id":389362,"date":"2025-09-14T03:54:24","date_gmt":"2025-09-14T03:54:24","guid":{"rendered":"https:\/\/www.europesays.com\/fr\/389362\/"},"modified":"2025-09-14T03:54:24","modified_gmt":"2025-09-14T03:54:24","slug":"rhone-la-compagnie-ferroviaire-trenitalia-va-accelerer-la-cadence-sur-laxe-paris-lyon-en-decembre","status":"publish","type":"post","link":"https:\/\/www.europesays.com\/fr\/389362\/","title":{"rendered":"Rh\u00f4ne. La compagnie ferroviaire Trenitalia va acc\u00e9l\u00e9rer la cadence sur l\u2019axe Paris-Lyon en d\u00e9cembre"},"content":{"rendered":"<p>Trenitalia envisage une nouvelle mont\u00e9e en puissance \u00e0 partir du 14 d\u00e9cembre prochain. La compagnie ferroviaire transalpine, qui propose \u00e0 l\u2019heure actuelle 9 allers et retours quotidiens entre Paris et Lyon, envisage de porter ce chiffre \u00e0 14 allers-retours quotidiens.<\/p>\n<p>La compagnie indique ainsi franchir \u00ab une nouvelle \u00e9tape strat\u00e9gique en renfor\u00e7ant fortement son offre sur l\u2019axe Paris-Lyon, avec 5 allers-retours suppl\u00e9mentaires \u00bb, avec ses trains \u00e0 grande vitesse Frecciarossa. \u00ab Ces fr\u00e9quences suppl\u00e9mentaires visent \u00e0 r\u00e9pondre \u00e0 une demande toujours croissante des voyageurs, qu\u2019ils soient professionnels ou de loisirs, et confirment l\u2019engagement de Trenitalia \u00e0 proposer une mobilit\u00e9 accessible et durable \u00bb, ajoute le concurrent de la SNCF sur cet axe.<\/p>\n<p>  \u00c0\u00a0partir de 23 euros<\/p>\n<p>Les billets entre Paris et Lyon, en vente \u00e0 partir de mi-septembre pour la saison hivernale, seront disponibles \u00e0 partir de 23 euros. La compagnie est aussi pr\u00e9sente sur les axes <a href=\"https:\/\/www.leprogres.fr\/transport\/2025\/06\/13\/paris-marseille-en-passant-par-lyon-trenitalia-lance-sa-nouvelle-ligne-a-grande-vitesse\" target=\"_blank\" rel=\"noopener\">Paris \u2013 Marseille<\/a> et <a href=\"https:\/\/www.leprogres.fr\/transport\/2025\/03\/24\/trenitalia-retrouve-sa-ligne-paris-lyon-milan-au-1er-avril-ce-que-ca-va-changer\" target=\"_blank\" rel=\"noopener\">Paris \u2013 Milan<\/a>.<\/p>\n","protected":false},"excerpt":{"rendered":"Trenitalia envisage une nouvelle mont\u00e9e en puissance \u00e0 partir du 14 d\u00e9cembre prochain. La compagnie ferroviaire transalpine, qui&hellip;\n","protected":false},"author":2,"featured_media":389363,"comment_status":"","ping_status":"","sticky":false,"template":"","format":"standard","meta":{"footnotes":""},"categories":[1889],"tags":[1111,11,2430,33,2757,1777,674,1011,27,2428,2756,12,2922,25,2429,602,2803],"class_list":{"0":"post-389362","1":"post","2":"type-post","3":"status-publish","4":"format-standard","5":"has-post-thumbnail","7":"category-lyon","8":"tag-actu","9":"tag-actualites","10":"tag-auvergne-rhone-alpes","11":"tag-economie","12":"tag-edition-lyon-villeurbanne","13":"tag-eu","14":"tag-europe","15":"tag-fr","16":"tag-france","17":"tag-lyon","18":"tag-lyon-bassin","19":"tag-news","20":"tag-pouvoir-dachat","21":"tag-republique-francaise","22":"tag-rhone","23":"tag-tourisme","24":"tag-transport"},"share_on_mastodon":{"url":"https:\/\/pubeurope.com\/@fr\/115200633298933839","error":""},"_links":{"self":[{"href":"https:\/\/www.europesays.com\/fr\/wp-json\/wp\/v2\/posts\/389362","targetHints":{"allow":["GET"]}}],"collection":[{"href":"https:\/\/www.europesays.com\/fr\/wp-json\/wp\/v2\/posts"}],"about":[{"href":"https:\/\/www.europesays.com\/fr\/wp-json\/wp\/v2\/types\/post"}],"author":[{"embeddable":true,"href":"https:\/\/www.europesays.com\/fr\/wp-json\/wp\/v2\/users\/2"}],"replies":[{"embeddable":true,"href":"https:\/\/www.europesays.com\/fr\/wp-json\/wp\/v2\/comments?post=389362"}],"version-history":[{"count":0,"href":"https:\/\/www.europesays.com\/fr\/wp-json\/wp\/v2\/posts\/389362\/revisions"}],"wp:featuredmedia":[{"embeddable":true,"href":"https:\/\/www.europesays.com\/fr\/wp-json\/wp\/v2\/media\/389363"}],"wp:attachment":[{"href":"https:\/\/www.europesays.com\/fr\/wp-json\/wp\/v2\/media?parent=389362"}],"wp:term":[{"taxonomy":"category","embeddable":true,"href":"https:\/\/www.europesays.com\/fr\/wp-json\/wp\/v2\/categories?post=389362"},{"taxonomy":"post_tag","embeddable":true,"href":"https:\/\/www.europesays.com\/fr\/wp-json\/wp\/v2\/tags?post=389362"}],"curies":[{"name":"wp","href":"https:\/\/api.w.org\/{rel}","templated":true}]}}