{"id":389364,"date":"2025-09-14T03:55:12","date_gmt":"2025-09-14T03:55:12","guid":{"rendered":"https:\/\/www.europesays.com\/fr\/389364\/"},"modified":"2025-09-14T03:55:12","modified_gmt":"2025-09-14T03:55:12","slug":"un-jeune-de-19-ans-mis-en-examen-et-ecroue-3","status":"publish","type":"post","link":"https:\/\/www.europesays.com\/fr\/389364\/","title":{"rendered":"un jeune de 19 ans mis en examen et \u00e9crou\u00e9"},"content":{"rendered":"<p>Apr\u00e8s la mort d\u2019un homme de 22 ans mercredi dans le centre-ville lyonnais, le jeune majeur s\u2019\u00e9tait pr\u00e9sent\u00e9 au commissariat de Villeurbanne et avait \u00e9t\u00e9 plac\u00e9 en garde \u00e0 vue.<\/p>\n<p class=\"fig-paragraph\">Un jeune de 19 ans,\u00a0<a href=\"http:\/\/www.lefigaro.fr\/lyon\/mort-d-un-homme-par-balles-a-lyon-un-jeune-se-livre-a-la-police-20250911\" data-fig-type=\"NewsFlash\" data-gtm-custom-categorie=\"navigation\" data-gtm-custom-action=\"crossclick\" data-gtm-custom-label=\"Contextuel\" data-gtm-event=\"customEventSPE\" data-fig-domain=\"LEFIGARO\" target=\"_blank\" rel=\"noopener\">qui s&rsquo;\u00e9tait rendu \u00e0 la police au lendemain de tirs mortels en plein Lyon<\/a>, a \u00e9t\u00e9 mis en examen pour assassinat samedi et \u00e9crou\u00e9, a indiqu\u00e9 \u00e0 l&rsquo;AFP un de ses avocats. Les tirs avaient touch\u00e9<a href=\"http:\/\/www.lefigaro.fr\/lyon\/lyon-l-homme-blesse-par-balles-mercredi-est-decede-a-l-hopital-20250911\" data-fig-type=\"NewsFlash\" data-gtm-custom-categorie=\"navigation\" data-gtm-custom-action=\"crossclick\" data-gtm-custom-label=\"Contextuel\" data-gtm-event=\"customEventSPE\" data-fig-domain=\"LEFIGARO\" target=\"_blank\" rel=\"noopener\">\u00a0un homme de 22 ans<\/a>\u00a0mercredi apr\u00e8s-midi dans le centre-ville de Lyon, o\u00f9 \u00e9tait pourtant d\u00e9ploy\u00e9 un important dispositif policier pour encadrer\u00a0<a href=\"http:\/\/www.lefigaro.fr\/faits-divers\/mouvement-bloquons-tout-675-interpellations-et-549-gardes-a-vue-dans-toute-la-france-20250911\" data-fig-type=\"NewsFlash\" data-gtm-custom-categorie=\"navigation\" data-gtm-custom-action=\"crossclick\" data-gtm-custom-label=\"Contextuel\" data-gtm-event=\"customEventSPE\" data-fig-domain=\"LEFIGARO\" target=\"_blank\" rel=\"noopener\">le mouvement \u00abBloquons tout\u00bb<\/a>.<\/p>\n<p class=\"fig-paragraph\">Hospitalis\u00e9e en arr\u00eat cardio-respiratoire, la victime \u00e9tait d\u00e9c\u00e9d\u00e9e dans la nuit. Le lendemain matin, le jeune majeur s&rsquo;\u00e9tait pr\u00e9sent\u00e9 au commissariat de Villeurbanne et avait \u00e9t\u00e9 plac\u00e9 en garde \u00e0 vue.<\/p>\n<p>                                    <a class=\"fig-a11y-skip a11y-hidden\" href=\"#fig-a11y-skip-main-inarticle\"><br \/>\n        Passer la publicit\u00e9<br \/>\n    <\/a><\/p>\n<p>Accus\u00e9 \u00ab\u00e0 tort\u00bb par la victime d\u2019un vol de scooter<\/p>\n<p class=\"fig-paragraph\">Samedi, il a \u00e9t\u00e9 pr\u00e9sent\u00e9 \u00e0 une juge d&rsquo;instruction qui l&rsquo;a mis en examen pour assassinat et \u00abd\u00e9tention et port d&rsquo;une arme\u00bb interdite, a pr\u00e9cis\u00e9 son avocat Me Jean-Christophe Basson-Larbi. \u00abNotre client, qui reconna\u00eet sa responsabilit\u00e9, regrette son geste et les blessures mortelles occasionn\u00e9es \u00e0 la victime\u00bb, soulignent dans un communiqu\u00e9 Me Basson-Larbi et son confr\u00e8re Me Joshua Kafil. Il a \u00abagi seul, sans pr\u00e9m\u00e9ditation et sans volont\u00e9 de donner la mort\u00bb \u00e0 la victime qui \u00abavait fait de sa vie un v\u00e9ritable enfer\u00bb depuis mai, affirment-ils.<\/p>\n<p class=\"fig-paragraph\">Selon eux, le d\u00e9funt avait accus\u00e9 \u00ab\u00e0 tort\u00bb leur client \u00abd&rsquo;un vol de scooter\u00bb, le contraignant \u00ab\u00e0 reconna\u00eetre qu&rsquo;il \u00e9tait son d\u00e9biteur et \u00e0 payer une dette imaginaire\u00bb. Le jeune homme \u00absubissait la pression du d\u00e9funt et les menaces de tuer ses proches\u00bb si la dette n&rsquo;\u00e9tait pas acquitt\u00e9e, assurent-ils.<\/p>\n","protected":false},"excerpt":{"rendered":"Apr\u00e8s la mort d\u2019un homme de 22 ans mercredi dans le centre-ville lyonnais, le jeune majeur s\u2019\u00e9tait pr\u00e9sent\u00e9&hellip;\n","protected":false},"author":2,"featured_media":389365,"comment_status":"","ping_status":"","sticky":false,"template":"","format":"standard","meta":{"footnotes":""},"categories":[1889],"tags":[1111,11,2430,1777,674,1011,27,2428,777,12,25],"class_list":{"0":"post-389364","1":"post","2":"type-post","3":"status-publish","4":"format-standard","5":"has-post-thumbnail","7":"category-lyon","8":"tag-actu","9":"tag-actualites","10":"tag-auvergne-rhone-alpes","11":"tag-eu","12":"tag-europe","13":"tag-fr","14":"tag-france","15":"tag-lyon","16":"tag-meurtre","17":"tag-news","18":"tag-republique-francaise"},"share_on_mastodon":{"url":"https:\/\/pubeurope.com\/@fr\/115200637196937417","error":""},"_links":{"self":[{"href":"https:\/\/www.europesays.com\/fr\/wp-json\/wp\/v2\/posts\/389364","targetHints":{"allow":["GET"]}}],"collection":[{"href":"https:\/\/www.europesays.com\/fr\/wp-json\/wp\/v2\/posts"}],"about":[{"href":"https:\/\/www.europesays.com\/fr\/wp-json\/wp\/v2\/types\/post"}],"author":[{"embeddable":true,"href":"https:\/\/www.europesays.com\/fr\/wp-json\/wp\/v2\/users\/2"}],"replies":[{"embeddable":true,"href":"https:\/\/www.europesays.com\/fr\/wp-json\/wp\/v2\/comments?post=389364"}],"version-history":[{"count":0,"href":"https:\/\/www.europesays.com\/fr\/wp-json\/wp\/v2\/posts\/389364\/revisions"}],"wp:featuredmedia":[{"embeddable":true,"href":"https:\/\/www.europesays.com\/fr\/wp-json\/wp\/v2\/media\/389365"}],"wp:attachment":[{"href":"https:\/\/www.europesays.com\/fr\/wp-json\/wp\/v2\/media?parent=389364"}],"wp:term":[{"taxonomy":"category","embeddable":true,"href":"https:\/\/www.europesays.com\/fr\/wp-json\/wp\/v2\/categories?post=389364"},{"taxonomy":"post_tag","embeddable":true,"href":"https:\/\/www.europesays.com\/fr\/wp-json\/wp\/v2\/tags?post=389364"}],"curies":[{"name":"wp","href":"https:\/\/api.w.org\/{rel}","templated":true}]}}