{"id":389372,"date":"2025-09-14T04:00:28","date_gmt":"2025-09-14T04:00:28","guid":{"rendered":"https:\/\/www.europesays.com\/fr\/389372\/"},"modified":"2025-09-14T04:00:28","modified_gmt":"2025-09-14T04:00:28","slug":"bois-colombes-dans-les-quartiers-nord-une-nouvelle-cite-artisanale-au-milieu-des-logements","status":"publish","type":"post","link":"https:\/\/www.europesays.com\/fr\/389372\/","title":{"rendered":"Bois-Colombes\u00a0: dans les quartiers nord, une nouvelle cit\u00e9 artisanale au milieu des logements"},"content":{"rendered":"<p class=\"paragraph text_align_left lp-f-body-02\">\u00ab Pour une entreprise comme la n\u00f4tre, c\u2019est id\u00e9al. \u00bb Maud Fernandez ne craint pas les superlatifs. Depuis d\u00e9but juillet, elle pourrait pourtant se sentir un peu seule : salari\u00e9e de la soci\u00e9t\u00e9 Retinco, elle est pour l\u2019instant la premi\u00e8re et unique occupante, mais plus longtemps, de la cit\u00e9 artisanale de <a href=\"https:\/\/www.leparisien.fr\/hauts-de-seine-92\/bois-colombes-92270\/\" target=\"_blank\" rel=\"noreferrer noopener\">Bois-Colombes<\/a> (Hauts-de-Seine), inaugur\u00e9e en juin.<\/p>\n<p class=\"paragraph text_align_left lp-f-body-02\">Flambant neuf, ce site est un des \u00e9quipements embl\u00e9matiques du renouveau des quartiers nord de la ville, \u00e0 la limite de Colombes et d\u2019Asni\u00e8res, juste de l\u2019autre c\u00f4t\u00e9 de l\u2019avenue d\u2019Argenteuil. Il aura fallu une vingtaine d\u2019ann\u00e9es pour que cette partie de la ville change de visage. D\u00e9sormais, les immeubles modernes voisinent avec des pavillons dans le <a href=\"https:\/\/www.leparisien.fr\/hauts-de-seine-92\/bois-colombes-plus-de-200-nouveaux-logements-dans-le-quartier-pompidou-17-10-2019-8174922.php\" target=\"_self\" rel=\"noopener\">quartier Pompidou-Le Mignon<\/a>.<\/p>\n","protected":false},"excerpt":{"rendered":"\u00ab Pour une entreprise comme la n\u00f4tre, c\u2019est id\u00e9al. \u00bb Maud Fernandez ne craint pas les superlatifs. Depuis&hellip;\n","protected":false},"author":2,"featured_media":389373,"comment_status":"","ping_status":"","sticky":false,"template":"","format":"standard","meta":{"footnotes":""},"categories":[1888],"tags":[11,1777,674,1011,27,3314,1944,12,626,25],"class_list":{"0":"post-389372","1":"post","2":"type-post","3":"status-publish","4":"format-standard","5":"has-post-thumbnail","7":"category-paris","8":"tag-actualites","9":"tag-eu","10":"tag-europe","11":"tag-fr","12":"tag-france","13":"tag-hauts-de-seine","14":"tag-ma-ville","15":"tag-news","16":"tag-paris","17":"tag-republique-francaise"},"share_on_mastodon":{"url":"https:\/\/pubeurope.com\/@fr\/115200656880703189","error":""},"_links":{"self":[{"href":"https:\/\/www.europesays.com\/fr\/wp-json\/wp\/v2\/posts\/389372","targetHints":{"allow":["GET"]}}],"collection":[{"href":"https:\/\/www.europesays.com\/fr\/wp-json\/wp\/v2\/posts"}],"about":[{"href":"https:\/\/www.europesays.com\/fr\/wp-json\/wp\/v2\/types\/post"}],"author":[{"embeddable":true,"href":"https:\/\/www.europesays.com\/fr\/wp-json\/wp\/v2\/users\/2"}],"replies":[{"embeddable":true,"href":"https:\/\/www.europesays.com\/fr\/wp-json\/wp\/v2\/comments?post=389372"}],"version-history":[{"count":0,"href":"https:\/\/www.europesays.com\/fr\/wp-json\/wp\/v2\/posts\/389372\/revisions"}],"wp:featuredmedia":[{"embeddable":true,"href":"https:\/\/www.europesays.com\/fr\/wp-json\/wp\/v2\/media\/389373"}],"wp:attachment":[{"href":"https:\/\/www.europesays.com\/fr\/wp-json\/wp\/v2\/media?parent=389372"}],"wp:term":[{"taxonomy":"category","embeddable":true,"href":"https:\/\/www.europesays.com\/fr\/wp-json\/wp\/v2\/categories?post=389372"},{"taxonomy":"post_tag","embeddable":true,"href":"https:\/\/www.europesays.com\/fr\/wp-json\/wp\/v2\/tags?post=389372"}],"curies":[{"name":"wp","href":"https:\/\/api.w.org\/{rel}","templated":true}]}}