{"id":389379,"date":"2025-09-14T04:04:14","date_gmt":"2025-09-14T04:04:14","guid":{"rendered":"https:\/\/www.europesays.com\/fr\/389379\/"},"modified":"2025-09-14T04:04:14","modified_gmt":"2025-09-14T04:04:14","slug":"mercato-milan-ales-senvole-vers-les-etats-unis-pour-un-nouveau-defi","status":"publish","type":"post","link":"https:\/\/www.europesays.com\/fr\/389379\/","title":{"rendered":"[Mercato] Milan Al\u00e8s s\u2019envole vers les \u00c9tats-Unis pour un nouveau d\u00e9fi"},"content":{"rendered":"<p>Comme annonc\u00e9, Milan Al\u00e8s, jeune d\u00e9fenseur polyvalent form\u00e9 au Montpellier H\u00e9rault Sport Club, arrive \u00e0 un tournant important de sa carri\u00e8re. \u00c0 seulement 20 ans, le natif de Montpellier voit une page se tourner apr\u00e8s la fin de son contrat avec le club h\u00e9raultais, le 30 juin 2025.<\/p>\n<p>Apr\u00e8s plusieurs saisons pass\u00e9es au sein des diff\u00e9rentes cat\u00e9gories du club pailladin, o\u00f9 il s\u2019est illustr\u00e9 par sa r\u00e9gularit\u00e9 et sa polyvalence d\u00e9fensive, Milan Al\u00e8s se retrouvait libre de tout engagement \u00e0 l\u2019issue de la saison 2024-2025. D\u00e9sireux de conjuguer ses ambitions sportives \u00e0 un projet \u00e9ducatif solide, le jeune joueur a rapidement entam\u00e9 une r\u00e9flexion sur la suite de son parcours.<\/p>\n<p>C\u2019est finalement aux \u00c9tats-Unis que Milan Al\u00e8s a d\u00e9cid\u00e9 de poser ses valises. Apr\u00e8s des essais concluants en fin de saison derni\u00e8re \u00e0 Clairefontaine, il rejoindra l\u2019Emory &amp; Henry University, \u00e9tablissement r\u00e9put\u00e9 pour son programme alliant excellence acad\u00e9mique et comp\u00e9tition sportive. Il y poursuivra un double projet scolaire et footballistique, une opportunit\u00e9 rare et ambitieuse qui lui permettra de continuer sa progression tout en pr\u00e9parant activement son avenir en dehors des terrains.<\/p>\n<p>Ce nouveau chapitre marque un tournant prometteur pour Milan Al\u00e8s, qui n\u2019a jamais cach\u00e9 son envie de d\u00e9couvrir de nouveaux horizons et de relever de nouveaux d\u00e9fis. \u00c0 Emory &amp; Henry, il retrouvera un environnement stimulant, \u00e0 la hauteur de ses ambitions, avec l\u2019objectif de continuer \u00e0 progresser dans un cadre structur\u00e9 et exigeant.<\/p>\n<p>Bonne chance \u00e0 lui dans cette nouvelle aventure outre-Atlantique !<\/p>\n","protected":false},"excerpt":{"rendered":"Comme annonc\u00e9, Milan Al\u00e8s, jeune d\u00e9fenseur polyvalent form\u00e9 au Montpellier H\u00e9rault Sport Club, arrive \u00e0 un tournant important&hellip;\n","protected":false},"author":2,"featured_media":389380,"comment_status":"","ping_status":"","sticky":false,"template":"","format":"standard","meta":{"footnotes":""},"categories":[1589],"tags":[11,73,1866,1434,12,1864,1865,1863,308],"class_list":{"0":"post-389379","1":"post","2":"type-post","3":"status-publish","4":"format-standard","5":"has-post-thumbnail","7":"category-etats-unis","8":"tag-actualites","9":"tag-etats-unis","10":"tag-etats-unis-damerique","11":"tag-mercato","12":"tag-news","13":"tag-united-states","14":"tag-united-states-of-america","15":"tag-us","16":"tag-usa"},"share_on_mastodon":{"url":"https:\/\/pubeurope.com\/@fr\/115200672660230819","error":""},"_links":{"self":[{"href":"https:\/\/www.europesays.com\/fr\/wp-json\/wp\/v2\/posts\/389379","targetHints":{"allow":["GET"]}}],"collection":[{"href":"https:\/\/www.europesays.com\/fr\/wp-json\/wp\/v2\/posts"}],"about":[{"href":"https:\/\/www.europesays.com\/fr\/wp-json\/wp\/v2\/types\/post"}],"author":[{"embeddable":true,"href":"https:\/\/www.europesays.com\/fr\/wp-json\/wp\/v2\/users\/2"}],"replies":[{"embeddable":true,"href":"https:\/\/www.europesays.com\/fr\/wp-json\/wp\/v2\/comments?post=389379"}],"version-history":[{"count":0,"href":"https:\/\/www.europesays.com\/fr\/wp-json\/wp\/v2\/posts\/389379\/revisions"}],"wp:featuredmedia":[{"embeddable":true,"href":"https:\/\/www.europesays.com\/fr\/wp-json\/wp\/v2\/media\/389380"}],"wp:attachment":[{"href":"https:\/\/www.europesays.com\/fr\/wp-json\/wp\/v2\/media?parent=389379"}],"wp:term":[{"taxonomy":"category","embeddable":true,"href":"https:\/\/www.europesays.com\/fr\/wp-json\/wp\/v2\/categories?post=389379"},{"taxonomy":"post_tag","embeddable":true,"href":"https:\/\/www.europesays.com\/fr\/wp-json\/wp\/v2\/tags?post=389379"}],"curies":[{"name":"wp","href":"https:\/\/api.w.org\/{rel}","templated":true}]}}