{"id":389387,"date":"2025-09-14T04:08:11","date_gmt":"2025-09-14T04:08:11","guid":{"rendered":"https:\/\/www.europesays.com\/fr\/389387\/"},"modified":"2025-09-14T04:08:11","modified_gmt":"2025-09-14T04:08:11","slug":"un-courant-de-sympathie-envers-la-suisse-a-gagne-le-parlement-europeen","status":"publish","type":"post","link":"https:\/\/www.europesays.com\/fr\/389387\/","title":{"rendered":"Un \u00abcourant de sympathie\u00bb envers la Suisse a gagn\u00e9 le Parlement europ\u00e9en"},"content":{"rendered":"<p>    R\u00e9sum\u00e9 en 20 secondes<\/p>\n<p>        En savoir plus sur ce type de contenu<\/p>\n<p>Ce r\u00e9sum\u00e9 peut avoir \u00e9t\u00e9 \u00e9crit avec l&rsquo;assistance d\u2019une IA g\u00e9n\u00e9rative. <a href=\"https:\/\/www.letemps.ch\/cyber\/l-usage-de-l-ia-generative-par-les-journalistes-du-temps\" target=\"_blank\" rel=\"noopener\">En savoir plus<\/a><\/p>\n<p class=\"article__abstract-call-to-action\" data-ariato=\"TrackableElement\" data-trackable-element-type=\"article_abstract_cta\" data-trackable-element-location=\"article_header\" data-trackable-element-id=\"505787\">\n        <a data-event=\"click-&gt;clicked\" href=\"https:\/\/www.letemps.ch\/abonnements\" target=\"_blank\" rel=\"noopener\">Abonnez-vous<\/a> pour acc\u00e9der au r\u00e9sum\u00e9 en 20 secondes.\n      <\/p>\n<p>\u00abLa Suisse est tout en haut de la pile des dossiers\u00bb, a expliqu\u00e9 lors d\u2019un point de presse \u00e0 Berne David McAllister, pr\u00e9sident de la d\u00e9l\u00e9gation de la Commission des affaires \u00e9trang\u00e8res du Parlement europ\u00e9en. Nous voulons approfondir la relation.\u00bb Le d\u00e9mocrate-chr\u00e9tien (CDU) allemand \u00e9tait accompagn\u00e9 de cinq coll\u00e8gues pour une visite de deux jours en Suisse. L\u2019occasion de mener des \u00e9changes avec des coll\u00e8gues suisses, des ministres, des secr\u00e9taires d\u2019Etat, des repr\u00e9sentants des cantons ainsi que les milieux \u00e9conomiques. Le dernier exercice du genre remontait \u00e0 2011.<\/p>\n<p>\u00abLe climat est bien plus favorable qu\u2019en 2021 lors de la rupture par Berne de l\u2019accord-cadre, affirme Christophe Grudler, l\u2019eurod\u00e9put\u00e9 lib\u00e9ral fran\u00e7ais (Renew Europe) qui est par ailleurs rapporteur pour la Suisse. \u00abLe courant de sympathie envers la Suisse est \u00e0 pr\u00e9sent bien r\u00e9el, ajoute-t-il. Mais nos coll\u00e8gues veulent voir le d\u00e9tail du paquet d\u2019accords n\u00e9goci\u00e9 avec la Suisse. Et ce n\u2019est pas gagn\u00e9 d\u2019avance.\u00bb Christophe Grudler pr\u00e9sentera un rapport interm\u00e9diaire en octobre sur les \u00abaccords bilat\u00e9raux III\u00bb qui fera ensuite l\u2019objet d\u2019une r\u00e9solution. Le Parlement europ\u00e9en pourrait ratifier les textes \u00e0 l\u2019horizon de l\u2019automne 2026.<\/p>\n","protected":false},"excerpt":{"rendered":"R\u00e9sum\u00e9 en 20 secondes En savoir plus sur ce type de contenu Ce r\u00e9sum\u00e9 peut avoir \u00e9t\u00e9 \u00e9crit&hellip;\n","protected":false},"author":2,"featured_media":389388,"comment_status":"","ping_status":"","sticky":false,"template":"","format":"standard","meta":{"footnotes":""},"categories":[1586],"tags":[11,1777,674,1779,1011,27,12,6328,301,25,2582,1778,364],"class_list":{"0":"post-389387","1":"post","2":"type-post","3":"status-publish","4":"format-standard","5":"has-post-thumbnail","7":"category-europe","8":"tag-actualites","9":"tag-eu","10":"tag-europe","11":"tag-european-union","12":"tag-fr","13":"tag-france","14":"tag-news","15":"tag-politique-federale","16":"tag-premium","17":"tag-republique-francaise","18":"tag-suisse-ue","19":"tag-ue","20":"tag-union-europeenne"},"share_on_mastodon":{"url":"https:\/\/pubeurope.com\/@fr\/115200688413527612","error":""},"_links":{"self":[{"href":"https:\/\/www.europesays.com\/fr\/wp-json\/wp\/v2\/posts\/389387","targetHints":{"allow":["GET"]}}],"collection":[{"href":"https:\/\/www.europesays.com\/fr\/wp-json\/wp\/v2\/posts"}],"about":[{"href":"https:\/\/www.europesays.com\/fr\/wp-json\/wp\/v2\/types\/post"}],"author":[{"embeddable":true,"href":"https:\/\/www.europesays.com\/fr\/wp-json\/wp\/v2\/users\/2"}],"replies":[{"embeddable":true,"href":"https:\/\/www.europesays.com\/fr\/wp-json\/wp\/v2\/comments?post=389387"}],"version-history":[{"count":0,"href":"https:\/\/www.europesays.com\/fr\/wp-json\/wp\/v2\/posts\/389387\/revisions"}],"wp:featuredmedia":[{"embeddable":true,"href":"https:\/\/www.europesays.com\/fr\/wp-json\/wp\/v2\/media\/389388"}],"wp:attachment":[{"href":"https:\/\/www.europesays.com\/fr\/wp-json\/wp\/v2\/media?parent=389387"}],"wp:term":[{"taxonomy":"category","embeddable":true,"href":"https:\/\/www.europesays.com\/fr\/wp-json\/wp\/v2\/categories?post=389387"},{"taxonomy":"post_tag","embeddable":true,"href":"https:\/\/www.europesays.com\/fr\/wp-json\/wp\/v2\/tags?post=389387"}],"curies":[{"name":"wp","href":"https:\/\/api.w.org\/{rel}","templated":true}]}}