{"id":389389,"date":"2025-09-14T04:09:14","date_gmt":"2025-09-14T04:09:14","guid":{"rendered":"https:\/\/www.europesays.com\/fr\/389389\/"},"modified":"2025-09-14T04:09:14","modified_gmt":"2025-09-14T04:09:14","slug":"om-des-nouvelles-damine-gouiri-apres-sa-blessure-contre-lorient","status":"publish","type":"post","link":"https:\/\/www.europesays.com\/fr\/389389\/","title":{"rendered":"OM : des nouvelles d&rsquo;Amine Gouiri apr\u00e8s sa blessure contre Lorient"},"content":{"rendered":"<p><strong>Sorti sur blessure contre Lorient, Amine Gouiri devra-t-il manquer le rendez-vous contre le Real Madrid en LDC ? De premi\u00e8res nouvelles sont tomb\u00e9es.<\/strong><\/p>\n<p>Ce vendredi, lors de la victoire spectaculaire de l\u2019OM face \u00e0 Lorient, <a href=\"https:\/\/www.butfootballclub.fr\/618257-om-fc-lorient-pavard-deja-buteur-mais-gouiri-sorti-blesse-avant-la-mi-temps-video\/\" rel=\"noreferrer noopener\" target=\"_blank\">Amine Gouiri s\u2019est heurt\u00e9 \u00e0 Bamo Me\u00eft\u00e9<\/a>, provoquant une petite luxation de l\u2019\u00e9paule. Malgr\u00e9 la frayeur initiale et l\u2019intervention d\u2019une civi\u00e8re, l\u2019attaquant s\u2019est relev\u00e9 seul. Selon <a href=\"https:\/\/rmcsport.bfmtv.com\/football\/clubs\/olympique-marseille\/des-douleurs-a-l-epaule-mais-rien-d-alarmant-pour-l-om-la-blessure-de-gouiri-est-moins-grave-que-prevu_AV-202509130307.html\" rel=\"noreferrer noopener\" target=\"_blank\">RMC Sport<\/a>, il ressent encore quelques douleurs et reste au repos, mais son \u00e9tat n\u2019inqui\u00e8te pas l\u2019OM. Aucune d\u00e9cision n\u2019a \u00e9t\u00e9 prise quant \u00e0 sa participation au d\u00e9placement \u00e0 Madrid pour affronter le Real, le club pr\u00e9f\u00e9rant observer l\u2019\u00e9volution avant de prendre des risques.<\/p>\n<p>Apr\u00e8s un d\u00e9but de saison difficile, marqu\u00e9 par des r\u00e9sultats en dents de scue et des tensions, l\u2019OM vient donc de sa rassurer <a href=\"https:\/\/www.butfootballclub.fr\/618254-om-marseille-gifle-lorient-avant-le-choc-face-au-real-madrid-les-tops-flops-et-notes-des-olympiens\/\" rel=\"noreferrer noopener\" target=\"_blank\">avec une large victoire 4-0 contre Lorient<\/a>. Roberto De Zerbi insiste d\u00e9sormais sur la pr\u00e9paration du prochain d\u00e9fi : le match de Ligue des champions face au Real Madrid, suivi du choc contre le Paris SG, soulignant la n\u00e9cessit\u00e9 d\u2019humilit\u00e9 face \u00e0 ces rendez-vous prestigieux.<\/p>\n","protected":false},"excerpt":{"rendered":"Sorti sur blessure contre Lorient, Amine Gouiri devra-t-il manquer le rendez-vous contre le Real Madrid en LDC ?&hellip;\n","protected":false},"author":2,"featured_media":389390,"comment_status":"","ping_status":"","sticky":false,"template":"","format":"standard","meta":{"footnotes":""},"categories":[2],"tags":[11,448,63,1011,27,66,3388,12,25,10662],"class_list":{"0":"post-389389","1":"post","2":"type-post","3":"status-publish","4":"format-standard","5":"has-post-thumbnail","7":"category-actualites","8":"tag-actualites","9":"tag-champions-league","10":"tag-football","11":"tag-fr","12":"tag-france","13":"tag-ligue-1","14":"tag-matchs","15":"tag-news","16":"tag-republique-francaise","17":"tag-transferts"},"share_on_mastodon":{"url":"https:\/\/pubeurope.com\/@fr\/115200692241770374","error":""},"_links":{"self":[{"href":"https:\/\/www.europesays.com\/fr\/wp-json\/wp\/v2\/posts\/389389","targetHints":{"allow":["GET"]}}],"collection":[{"href":"https:\/\/www.europesays.com\/fr\/wp-json\/wp\/v2\/posts"}],"about":[{"href":"https:\/\/www.europesays.com\/fr\/wp-json\/wp\/v2\/types\/post"}],"author":[{"embeddable":true,"href":"https:\/\/www.europesays.com\/fr\/wp-json\/wp\/v2\/users\/2"}],"replies":[{"embeddable":true,"href":"https:\/\/www.europesays.com\/fr\/wp-json\/wp\/v2\/comments?post=389389"}],"version-history":[{"count":0,"href":"https:\/\/www.europesays.com\/fr\/wp-json\/wp\/v2\/posts\/389389\/revisions"}],"wp:featuredmedia":[{"embeddable":true,"href":"https:\/\/www.europesays.com\/fr\/wp-json\/wp\/v2\/media\/389390"}],"wp:attachment":[{"href":"https:\/\/www.europesays.com\/fr\/wp-json\/wp\/v2\/media?parent=389389"}],"wp:term":[{"taxonomy":"category","embeddable":true,"href":"https:\/\/www.europesays.com\/fr\/wp-json\/wp\/v2\/categories?post=389389"},{"taxonomy":"post_tag","embeddable":true,"href":"https:\/\/www.europesays.com\/fr\/wp-json\/wp\/v2\/tags?post=389389"}],"curies":[{"name":"wp","href":"https:\/\/api.w.org\/{rel}","templated":true}]}}