{"id":389399,"date":"2025-09-14T04:18:13","date_gmt":"2025-09-14T04:18:13","guid":{"rendered":"https:\/\/www.europesays.com\/fr\/389399\/"},"modified":"2025-09-14T04:18:13","modified_gmt":"2025-09-14T04:18:13","slug":"oscar-piastri-depasse-max-verstappen-et-se-rapproche-dun-immense-record-de-lewis-hamilton","status":"publish","type":"post","link":"https:\/\/www.europesays.com\/fr\/389399\/","title":{"rendered":"Oscar Piastri d\u00e9passe Max Verstappen et se rapproche d&rsquo;un immense record de Lewis Hamilton"},"content":{"rendered":"<p>Oscar Piastri continue d&rsquo;\u00e9crire sa l\u00e9gende et le week-end dernier, le leader du classement des pilotes pour cette saison 2025 a d\u00e9pass\u00e9 Max Verstappen. Le pilote McLaren, qui vise son premier titre de champion du monde au terme de la saison, a r\u00e9ussi un sacr\u00e9 exploit en d\u00e9passant le quadruple champion du monde en titre. Avec d\u00e9sormais 44 Grands Prix cons\u00e9cutifs termin\u00e9s, Oscar Piastri a d\u00e9pass\u00e9 Max Verstappen et il se rapproche encore plus du record historique de Lewis Hamilton.<\/p>\n<p>Piastri se rapproche d&rsquo;Hamilton et son record dingue<\/p>\n<p>Il s&rsquo;av\u00e8re que Piastri est en train de devenir un monstre de r\u00e9gularit\u00e9, lui qui a frapp\u00e9 fort \u00e0 Monza dimanche dernier. Car il est devenu le deuxi\u00e8me pilote avec la plus longue s\u00e9rie de Grands Prix cons\u00e9cutifs termin\u00e9s, devant Max Verstappen et juste derri\u00e8re Lewis Hamilton. \u00c0 Monza, l&rsquo;Australien a franchi pour la 44\u00e8me fois cons\u00e9cutive la ligne d\u2019arriv\u00e9e en Grand Prix, d\u00e9passant le record de Verstappen (43 courses d\u2019affil\u00e9e entre Imola 2022 et Djeddah 2024). D\u00e9sormais, seul Lewis Hamilton fait mieux, avec 48 arriv\u00e9es successives entre Silverstone 2018 et Bahre\u00efn 2020. Mais Piastri n&rsquo;est plus qu&rsquo;\u00e0 quatre courses de r\u00e9ussir \u00e0 \u00e9galer ce record, avant de potentiellement le d\u00e9passer avant la fin de saison.<\/p>\n<p>    Partagez cette info avec vos amis et vos proches en cliquant ici  <\/p>\n<p> Podcasts \u00e0 la une MEN LIFE <\/p>\n<p>    Pour r\u00e9sumer<\/p>\n<p>Oscar Piastri continue d&rsquo;\u00e9crire sa l\u00e9gende et le week-end dernier, le leader du classement des pilotes pour cette saison 2025 a d\u00e9pass\u00e9 Max Verstappen. Le pilote McLaren, qui vise son premier titre de champion du monde au terme de la saison, a r\u00e9ussi un sacr\u00e9 exploit en d\u00e9passant le quadruple champion du monde en titre.<\/p>\n<p>R\u00e9dacteur<\/p>\n<p><img decoding=\"async\" width=\"76\" height=\"76\" loading=\"lazy\" src=\"https:\/\/www.europesays.com\/fr\/wp-content\/uploads\/2025\/04\/logo-victor-willems.jpg\" alt=\"Victor Willems\"\/><\/p>\n","protected":false},"excerpt":{"rendered":"Oscar Piastri continue d&rsquo;\u00e9crire sa l\u00e9gende et le week-end dernier, le leader du classement des pilotes pour cette&hellip;\n","protected":false},"author":2,"featured_media":389400,"comment_status":"","ping_status":"","sticky":false,"template":"","format":"standard","meta":{"footnotes":""},"categories":[1412],"tags":[1451,1452,1453,1454,1455,1011,27,60],"class_list":{"0":"post-389399","1":"post","2":"type-post","3":"status-publish","4":"format-standard","5":"has-post-thumbnail","7":"category-f1","8":"tag-f1","9":"tag-formula-1","10":"tag-formula1","11":"tag-formule-1","12":"tag-formule1","13":"tag-fr","14":"tag-france","15":"tag-sports"},"share_on_mastodon":{"url":"https:\/\/pubeurope.com\/@fr\/115200727829464170","error":""},"_links":{"self":[{"href":"https:\/\/www.europesays.com\/fr\/wp-json\/wp\/v2\/posts\/389399","targetHints":{"allow":["GET"]}}],"collection":[{"href":"https:\/\/www.europesays.com\/fr\/wp-json\/wp\/v2\/posts"}],"about":[{"href":"https:\/\/www.europesays.com\/fr\/wp-json\/wp\/v2\/types\/post"}],"author":[{"embeddable":true,"href":"https:\/\/www.europesays.com\/fr\/wp-json\/wp\/v2\/users\/2"}],"replies":[{"embeddable":true,"href":"https:\/\/www.europesays.com\/fr\/wp-json\/wp\/v2\/comments?post=389399"}],"version-history":[{"count":0,"href":"https:\/\/www.europesays.com\/fr\/wp-json\/wp\/v2\/posts\/389399\/revisions"}],"wp:featuredmedia":[{"embeddable":true,"href":"https:\/\/www.europesays.com\/fr\/wp-json\/wp\/v2\/media\/389400"}],"wp:attachment":[{"href":"https:\/\/www.europesays.com\/fr\/wp-json\/wp\/v2\/media?parent=389399"}],"wp:term":[{"taxonomy":"category","embeddable":true,"href":"https:\/\/www.europesays.com\/fr\/wp-json\/wp\/v2\/categories?post=389399"},{"taxonomy":"post_tag","embeddable":true,"href":"https:\/\/www.europesays.com\/fr\/wp-json\/wp\/v2\/tags?post=389399"}],"curies":[{"name":"wp","href":"https:\/\/api.w.org\/{rel}","templated":true}]}}