{"id":389404,"date":"2025-09-14T04:21:17","date_gmt":"2025-09-14T04:21:17","guid":{"rendered":"https:\/\/www.europesays.com\/fr\/389404\/"},"modified":"2025-09-14T04:21:17","modified_gmt":"2025-09-14T04:21:17","slug":"florence-foresti-et-alexandre-kominek-plus-complices-que-jamais-a-deauville","status":"publish","type":"post","link":"https:\/\/www.europesays.com\/fr\/389404\/","title":{"rendered":"Florence Foresti et Alexandre Kominek plus complices que jamais \u00e0 Deauville"},"content":{"rendered":"<p>                                    <img decoding=\"async\" src=\"https:\/\/www.europesays.com\/fr\/wp-content\/uploads\/2025\/09\/6d09f2c04149bf2b652b725e99a41e6fd77acfb49803b853ea6d2e46a15f4274.jpg\" alt=\"&quot;A 50 ans, tu es une femme parfaite&quot;\u00a0: l'interview de Florence Foresti sur le plateau de Clique TV\" class=\"a11y-hidden\" fetchpriority=\"high\"\/><\/p>\n<p>Vendredi 12 septembre, le couple s\u2019est avanc\u00e9 sur le tapis rouge de la 51e \u00e9dition du Festival du film am\u00e9ricain de Deauville lors d\u2019une belle d\u00e9monstration d\u2019amour.<\/p>\n<p class=\"fig-paragraph\">Baisers, c\u00e2lins, regards amoureux&#8230; C\u2019\u00e9tait Florence Foresti et Alexandre Kominek \u00e0 Deauville. Vendredi 12 septembre, le couple s\u2019est avanc\u00e9 sur le tapis rouge de la\u00a0<a href=\"http:\/\/madame.lefigaro.fr\/celebrites\/actu-people\/je-me-sens-folle-les-quelques-mots-en-francais-de-kristen-stewart-lors-du-festival-du-film-americain-de-deauville-20250913\" data-fig-type=\"Article\" data-gtm-custom-categorie=\"navigation\" data-gtm-custom-action=\"crossclick\" data-gtm-custom-label=\"Contextuel\" data-gtm-event=\"customEventSPE\" data-fig-domain=\"MADAME\" target=\"_blank\" rel=\"noopener\">51e \u00e9dition Festival du film am\u00e9ricain<\/a>\u00a0pour la projection du film Nouvelle Vague de Richard Linklater. En couple depuis 2022, les deux humoristes n\u2019ont pas h\u00e9sit\u00e9 \u00e0 se montrer complices devant les photographes, se prenant dans les bras l\u2019un de l\u2019autre, \u00e9changeant plusieurs baisers et se souriant le regard plein d\u2019amour. Pour l\u2019occasion,\u00a0<a href=\"https:\/\/madame.lefigaro.fr\/tag\/florence-foresti\" target=\"_blank\" data-fig-type=\"Keyword\" rel=\"sponsored noopener\" data-gtm-custom-categorie=\"navigation\" data-gtm-custom-action=\"crossclick\" data-gtm-custom-label=\"Contextuel\" data-gtm-event=\"customEventSPE\" data-fig-domain=\"MADAME\">Florence Foresti<\/a>\u00a0\u00e9tait v\u00eatue d\u2019un ensemble satin\u00e9 noir sign\u00e9 Chanel, de lunettes de soleil fum\u00e9es et de sandales \u00e0 plateformes. De son c\u00f4t\u00e9, Alexandre Kominek a opt\u00e9 pour \u00e9l\u00e9gant costume bleu marine. Habituellement discrets, pr\u00e9f\u00e9rant garder leur vie priv\u00e9e pour eux, les deux tourtereaux semblent avoir laiss\u00e9 leur pudeur de c\u00f4t\u00e9 le temps d\u2019une soir\u00e9e.<\/p>\n<p class=\"fig-body-link&#10;    \">\n            \u00c0 lire aussi<br \/>\n        <a class=\"fig-body-link__link\" href=\"http:\/\/madame.lefigaro.fr\/style\/news\/la-rare-apparition-de-toni-la-fille-de-florence-foresti-au-defile-haute-couture-jean-paul-gaultier-a-paris-20250130\" data-fig-type=\"Article\" data-gtm-custom-categorie=\"navigation\" data-gtm-custom-action=\"crossclick\" data-gtm-custom-label=\"Contextuel\" data-gtm-event=\"customEventSPE\" data-fig-domain=\"MADAME\" target=\"_blank\" rel=\"noopener\">La rare apparition de Toni, la fille de Florence Foresti, au d\u00e9fil\u00e9 haute couture Jean Paul Gaultier \u00e0 Paris<\/a>\n<\/p>\n<p>    <a href=\"https:\/\/photo-madame.lefigaro.fr\/celebrites\/actu-people\/florence-foresti-et-alexandre-kominek-debordent-d-amour-sur-le-tapis-rouge-de-deauville-20250913\" target=\"_blank\" rel=\"noopener\"><\/p>\n<p class=\"fig-slideshow__title\">\n                    Florence Foresti et Alexandre Kominek d\u00e9bordent d\u2019amour sur le tapis rouge de Deauville\n                <\/p>\n<p>                            <img decoding=\"async\" src=\"https:\/\/www.europesays.com\/fr\/wp-content\/uploads\/2025\/09\/89a555f007b74991660081e9e07bd6862c973f75e1215f75959a1325d80dd4db.jpg\" class=\"fig-slideshow__hidden\" alt=\"\"\/><br \/>\n                    <img decoding=\"async\" src=\"https:\/\/www.europesays.com\/fr\/wp-content\/uploads\/2025\/09\/990dc00198f67a97fbd64eaf740f79331b4b446886ebb3f3cd699c51edbcf29e.jpg\" class=\"fig-slideshow__hidden\" alt=\"\"\/><\/p>\n<p>    <\/a><\/p>\n<p>\u00abOn se prend du\u00a0\u201cc\u2019est votre fils\u00a0?\u201d\u00bb<\/p>\n<p class=\"fig-paragraph\">C\u2019est en 2022 qu\u2019Alexandre Kominek et Florence Foresti ont officialis\u00e9 leur relation. Cette ann\u00e9e-l\u00e0 ils apparaissent ensemble pour la premi\u00e8re fois dans les tribunes de Roland-Garros et cumulent les preuves d\u2019amour, restant blottis l\u2019un contre l\u2019autre. S\u2019ils se montrent une nouvelle fois ensemble, lors de la 100e du spectacle Un soir de gala, au th\u00e9\u00e2tre de Marigny,<a href=\"http:\/\/madame.lefigaro.fr\/celebrites\/actu-people\/florence-foresti-et-alexandre-kominek-ce-drole-de-couple-20240419\" data-fig-type=\"Article\" data-gtm-custom-categorie=\"navigation\" data-gtm-custom-action=\"crossclick\" data-gtm-custom-label=\"Contextuel\" data-gtm-event=\"customEventSPE\" data-fig-domain=\"MADAME\" target=\"_blank\" rel=\"noopener\">\u00a0ils d\u00e9cideront ensuite de rester discrets au sujet de leur relation<\/a>. Et en 2024, alors qu\u2019elle donne une interview pour \u00ab50 minutes inside\u00bb, Florence Foresti accepte finalement de dire quelques mots au sujet de son couple.\u00a0<a href=\"http:\/\/madame.lefigaro.fr\/celebrites\/actu-people\/je-m-identifie-comme-une-femme-de-30-ans-en-video-florence-foresti-se-confie-sur-son-rapport-a-l-age-20240329\" data-fig-type=\"Article\" data-gtm-custom-categorie=\"navigation\" data-gtm-custom-action=\"crossclick\" data-gtm-custom-label=\"Contextuel\" data-gtm-event=\"customEventSPE\" data-fig-domain=\"MADAME\" target=\"_blank\" rel=\"noopener\">Elle revient notamment sur la diff\u00e9rence d\u2019\u00e2ge<\/a>\u00a0entre elle et son compagnon, un sujet qu\u2019elle aime tourner en d\u00e9rision dans son dernier spectacle Boys, Boys, Boys, ou encore dans sa s\u00e9rie D\u00e9sordres.<\/p>\n<p>                                    <a class=\"fig-a11y-skip a11y-hidden\" href=\"#fig-a11y-skip-main-inarticle\"><br \/>\n        Passer la publicit\u00e9<br \/>\n    <\/a><\/p>\n<p class=\"fig-paragraph\">\u00abC\u2019est presque la norme. J\u2019ai beaucoup de coll\u00e8gues femmes, com\u00e9diennes ou autre qui sont comme moi avec des hommes plus jeunes\u00bb, confie celle qui a 16 ans d\u2019\u00e9cart avec son partenaire. \u00abBien s\u00fbr, on se prend du\u00a0\u201cc\u2019est votre fils\u00a0?\u201d. Mais bon, les gens ont le droit d\u2019avoir des a priori, etc. Mais j\u2019ai l\u2019impression quand m\u00eame que le regard de la soci\u00e9t\u00e9 aujourd\u2019hui serait plus s\u00e9v\u00e8re avec un homme un peu \u00e2g\u00e9 avec une jeune fille que l\u2019inverse. Donc il faut se dire qu\u2019on a fait un chemin fou, et tant mieux, je m\u2019en r\u00e9jouis.\u00bb Et c\u2019est sur le tapis rouge de Deauville que les deux humoristes ont \u00e0 nouveau prouv\u00e9 que l\u2019amour n\u2019a pas d\u2019\u00e2ge.<\/p>\n","protected":false},"excerpt":{"rendered":"Vendredi 12 septembre, le couple s\u2019est avanc\u00e9 sur le tapis rouge de la 51e \u00e9dition du Festival du&hellip;\n","protected":false},"author":2,"featured_media":389405,"comment_status":"","ping_status":"","sticky":false,"template":"","format":"standard","meta":{"footnotes":""},"categories":[1359],"tags":[1193,23205,58,59,32591,1011,27,973,18830],"class_list":{"0":"post-389404","1":"post","2":"type-post","3":"status-publish","4":"format-standard","5":"has-post-thumbnail","7":"category-people","8":"tag-couple","9":"tag-deauville","10":"tag-divertissement","11":"tag-entertainment","12":"tag-florence-foresti","13":"tag-fr","14":"tag-france","15":"tag-people","16":"tag-tendances"},"share_on_mastodon":{"url":"https:\/\/pubeurope.com\/@fr\/115200739629654324","error":""},"_links":{"self":[{"href":"https:\/\/www.europesays.com\/fr\/wp-json\/wp\/v2\/posts\/389404","targetHints":{"allow":["GET"]}}],"collection":[{"href":"https:\/\/www.europesays.com\/fr\/wp-json\/wp\/v2\/posts"}],"about":[{"href":"https:\/\/www.europesays.com\/fr\/wp-json\/wp\/v2\/types\/post"}],"author":[{"embeddable":true,"href":"https:\/\/www.europesays.com\/fr\/wp-json\/wp\/v2\/users\/2"}],"replies":[{"embeddable":true,"href":"https:\/\/www.europesays.com\/fr\/wp-json\/wp\/v2\/comments?post=389404"}],"version-history":[{"count":0,"href":"https:\/\/www.europesays.com\/fr\/wp-json\/wp\/v2\/posts\/389404\/revisions"}],"wp:featuredmedia":[{"embeddable":true,"href":"https:\/\/www.europesays.com\/fr\/wp-json\/wp\/v2\/media\/389405"}],"wp:attachment":[{"href":"https:\/\/www.europesays.com\/fr\/wp-json\/wp\/v2\/media?parent=389404"}],"wp:term":[{"taxonomy":"category","embeddable":true,"href":"https:\/\/www.europesays.com\/fr\/wp-json\/wp\/v2\/categories?post=389404"},{"taxonomy":"post_tag","embeddable":true,"href":"https:\/\/www.europesays.com\/fr\/wp-json\/wp\/v2\/tags?post=389404"}],"curies":[{"name":"wp","href":"https:\/\/api.w.org\/{rel}","templated":true}]}}