{"id":389410,"date":"2025-09-14T04:24:23","date_gmt":"2025-09-14T04:24:23","guid":{"rendered":"https:\/\/www.europesays.com\/fr\/389410\/"},"modified":"2025-09-14T04:24:23","modified_gmt":"2025-09-14T04:24:23","slug":"the-voice-kids-2025-margaux-chante-i-will-always-love-you-de-whitney-houston-auditions-a-laveugle-the-voice-kids","status":"publish","type":"post","link":"https:\/\/www.europesays.com\/fr\/389410\/","title":{"rendered":"The Voice Kids 2025 &#8211; Margaux chante \u00ab\u00a0I will always love you\u00a0\u00bb de Whitney Houston (Auditions \u00e0 l&rsquo;aveugle) &#8211; The Voice Kids"},"content":{"rendered":"<p id=\"descriptionPanel\" class=\"text-secondary mr-2 line-clamp-2 pr-2.5 overflow-visible\">C&rsquo;est au tour de Margaux de se pr\u00e9senter sur le plateau de The Voice Kids avec un titre de Whitney Houston : \u00ab\u00a0I Will Always Love You\u00a0\u00bb. Margaux a parcouru 6 000 kilom\u00e8tres depuis Duba\u00ef pour r\u00e9aliser son r\u00eave sur la sc\u00e8ne de The Voice Kids. Petite, elle d\u00e9couvre la musique avec son grand-p\u00e8re qui joue de la clarinette et lui apprend le rock. Adolescente douce et dans la lune, elle trouve dans la musique un refuge et un moyen de s\u2019exprimer. \u00c0 13 ans, elle s\u2019essaie d\u00e9j\u00e0 \u00e0 de grandes chansons \u00e0 voix et montre que le talent n\u2019a pas d\u2019\u00e2ge. Celle qui r\u00eave de passer un jour \u00e0 la radio compte bien profiter de cette grande sc\u00e8ne pour d\u00e9voiler son talent et r\u00e9aliser son r\u00eave.<br \/>En savoir plus sur <a class=\"text-white hover:text-blue-500\" href=\"https:\/\/www.tf1.fr\/dossier\/santa-80256096\" target=\"_blank\" rel=\"noopener\">Santa<\/a><\/p>\n<p>Afficher la version longue du r\u00e9sum\u00e9<a class=\"shrink-0\" href=\"https:\/\/www.tf1.fr\/tf1\/the-voice-kids\" target=\"_blank\" rel=\"noopener\"><img decoding=\"async\" src=\"https:\/\/www.europesays.com\/fr\/wp-content\/uploads\/2025\/09\/program-card-portrait-1-d2cefe-a04851-0@1x.jpg\" width=\"138\" height=\"184\" alt=\"\" loading=\"eager\" fetchpriority=\"auto\" class=\"rounded-3px aspect-[3\/4] h-24 w-auto\" aria-hidden=\"true\"\/><\/a><\/p>\n","protected":false},"excerpt":{"rendered":"C&rsquo;est au tour de Margaux de se pr\u00e9senter sur le plateau de The Voice Kids avec un titre&hellip;\n","protected":false},"author":2,"featured_media":389411,"comment_status":"","ping_status":"","sticky":false,"template":"","format":"standard","meta":{"footnotes":""},"categories":[1356],"tags":[58,59,3483,41321,50587,50588,1011,27,50599,50600,50595,50596,252,10828,50589,50590,50597,50601,50586,50598,50602,50594,50593,1364,50591,50592],"class_list":{"0":"post-389410","1":"post","2":"type-post","3":"status-publish","4":"format-standard","5":"has-post-thumbnail","7":"category-television","8":"tag-divertissement","9":"tag-entertainment","10":"tag-extrait","11":"tag-extrait-tf1","12":"tag-extrait-the-voice-kids","13":"tag-extrait-the-voice-kids-tf1","14":"tag-fr","15":"tag-france","16":"tag-streaming-gratuit-the-voice-kids","17":"tag-streaming-gratuit-the-voice-kids-tf1","18":"tag-streaming-the-voice-kids","19":"tag-streaming-the-voice-kids-tf1","20":"tag-television","21":"tag-the-voice-kids","22":"tag-the-voice-kids-extrait","23":"tag-the-voice-kids-extrait-tf1","24":"tag-the-voice-kids-streaming","25":"tag-the-voice-kids-streaming-gratuit","26":"tag-the-voice-kids-tf1","27":"tag-the-voice-kids-tf1-streaming","28":"tag-the-voice-kids-tf1-streaming-gratuit","29":"tag-the-voice-kids-tf1-video","30":"tag-the-voice-kids-video","31":"tag-tv","32":"tag-video-the-voice-kids","33":"tag-video-the-voice-kids-tf1"},"share_on_mastodon":{"url":"","error":"Validation failed: Text character limit of 500 exceeded"},"_links":{"self":[{"href":"https:\/\/www.europesays.com\/fr\/wp-json\/wp\/v2\/posts\/389410","targetHints":{"allow":["GET"]}}],"collection":[{"href":"https:\/\/www.europesays.com\/fr\/wp-json\/wp\/v2\/posts"}],"about":[{"href":"https:\/\/www.europesays.com\/fr\/wp-json\/wp\/v2\/types\/post"}],"author":[{"embeddable":true,"href":"https:\/\/www.europesays.com\/fr\/wp-json\/wp\/v2\/users\/2"}],"replies":[{"embeddable":true,"href":"https:\/\/www.europesays.com\/fr\/wp-json\/wp\/v2\/comments?post=389410"}],"version-history":[{"count":0,"href":"https:\/\/www.europesays.com\/fr\/wp-json\/wp\/v2\/posts\/389410\/revisions"}],"wp:featuredmedia":[{"embeddable":true,"href":"https:\/\/www.europesays.com\/fr\/wp-json\/wp\/v2\/media\/389411"}],"wp:attachment":[{"href":"https:\/\/www.europesays.com\/fr\/wp-json\/wp\/v2\/media?parent=389410"}],"wp:term":[{"taxonomy":"category","embeddable":true,"href":"https:\/\/www.europesays.com\/fr\/wp-json\/wp\/v2\/categories?post=389410"},{"taxonomy":"post_tag","embeddable":true,"href":"https:\/\/www.europesays.com\/fr\/wp-json\/wp\/v2\/tags?post=389410"}],"curies":[{"name":"wp","href":"https:\/\/api.w.org\/{rel}","templated":true}]}}