{"id":389416,"date":"2025-09-14T04:28:10","date_gmt":"2025-09-14T04:28:10","guid":{"rendered":"https:\/\/www.europesays.com\/fr\/389416\/"},"modified":"2025-09-14T04:28:10","modified_gmt":"2025-09-14T04:28:10","slug":"ilenikhena-et-minamino-chirurgicaux-casimir-voit-rouge-les-tops-et-flops","status":"publish","type":"post","link":"https:\/\/www.europesays.com\/fr\/389416\/","title":{"rendered":"Ilenikhena et Minamino chirurgicaux, Casimir voit rouge&#8230; Les tops et flops"},"content":{"rendered":"<p>Ce samedi, Auxerre accueillait l\u2019AS Monaco (1-2) dans le cadre de la 4e journ\u00e9e de Ligue 1. D\u00e9couvrez ce qui a plu et d\u00e9plu \u00e0 notre r\u00e9daction \u00e0 l\u2019issue de la rencontre.<\/p>\n<p class=\"fig-paragraph\"><strong>TOPS<\/strong><\/p>\n<p>L\u2019efficacit\u00e9 mon\u00e9gasque<\/p>\n<p class=\"fig-paragraph\">Malmen\u00e9s en premi\u00e8re mi-temps, les joueurs d\u2019Adi H\u00fctter ont su faire le dos rond et\u00a0<a href=\"http:\/\/www.lefigaro.fr\/sports\/football\/ligue-1\/ligue-1-dans-la-difficulte-l-as-monaco-s-impose-a-auxerre-20250913\" target=\"_blank\" data-fig-type=\"NewsFlash\" rel=\"sponsored noopener nofollow\" data-gtm-custom-categorie=\"navigation\" data-gtm-custom-action=\"crossclick\" data-gtm-custom-label=\"Contextuel\" data-gtm-event=\"customEventSPE\" data-fig-domain=\"LEFIGARO\">se montrer r\u00e9alistes pour s\u2019imposer<\/a>\u00a0in extremis \u00e0 l\u2019Abb\u00e9-Deschamps (1-2). Pendant que les Auxerrois se cassaient les dents face \u00e0 leur inefficacit\u00e9 ou bien contre le portier de l\u2019ASM Philipp Kohn, les joueurs de la Principaut\u00e9 ont \u00e9t\u00e9 chirurgicaux \u00e0 l\u2019image de\u00a0<a href=\"http:\/\/www.lefigaro.fr\/sports\/football\/ligue-1\/ligue-1-monaco-securise-le-japonais-minamino-jusqu-en-2027-20250304\" target=\"_blank\" data-fig-type=\"NewsFlash\" rel=\"sponsored noopener nofollow\" data-gtm-custom-categorie=\"navigation\" data-gtm-custom-action=\"crossclick\" data-gtm-custom-label=\"Contextuel\" data-gtm-event=\"customEventSPE\" data-fig-domain=\"LEFIGARO\">Minamino<\/a>\u00a0qui a converti la seule frappe cadr\u00e9e de la premi\u00e8re mi-temps de son \u00e9quipe (45+2). Dans le deuxi\u00e8me acte, l\u2019ASM s\u2019est rebiff\u00e9, en partie gr\u00e2ce au carton rouge de Casimir (68e) et a r\u00e9ussi une nouvelle fois \u00e0 concr\u00e9tiser en fin de match gr\u00e2ce \u00e0 George Ilenikhena (89e).<\/p>\n<p>                                    <a class=\"fig-a11y-skip a11y-hidden\" href=\"#fig-a11y-skip-main-inarticle\"><br \/>\n        Passer la publicit\u00e9<br \/>\n    <\/a><\/p>\n<p>Namaso et K\u00e9vin Danois auront tout tent\u00e9<\/p>\n<p class=\"fig-paragraph\">Omnipr\u00e9sent durant toute la rencontre, le jeune milieu (21 ans) de l\u2019AJA K\u00e9vin Danois aurait m\u00e9rit\u00e9 d\u2019\u00eatre d\u00e9cisif. Il distribue une offrande tout d\u2019abord au buteur maison\u00a0<a href=\"http:\/\/www.lefigaro.fr\/sports\/football\/tant-qu-il-est-la-il-est-a-100-pelissier-assure-que-sinayoko-jouera-avec-auxerre-a-nice-20250821\" target=\"_blank\" data-fig-type=\"NewsFlash\" rel=\"sponsored noopener nofollow\" data-gtm-custom-categorie=\"navigation\" data-gtm-custom-action=\"crossclick\" data-gtm-custom-label=\"Contextuel\" data-gtm-event=\"customEventSPE\" data-fig-domain=\"LEFIGARO\">Sinayoko\u00a0<\/a>qui ne concr\u00e9tise pas son face-\u00e0-face avec Kohn (13e). Quelques minutes plus tard, l\u2019international espoirs lance parfaitement Casimir dans la profondeur, mais l\u2019ailier manque le cadre. Namaso m\u00e9ritait \u00e9galement d\u2019\u00eatre r\u00e9compens\u00e9, le joueur pr\u00eat\u00e9 par le FC Porto \u00e9tait survolt\u00e9 pour sa premi\u00e8re \u00e0 l\u2019Abb\u00e9-Deschamps. Une activit\u00e9 qui a failli payer en d\u00e9but de match (6e) avant de provoquer le but contre son camp de Salisu (1-1, 73e) pour remettre les deux \u00e9quipes \u00e0 \u00e9galit\u00e9.<\/p>\n<p>George Ilenikhena, une entr\u00e9e d\u00e9cisive<\/p>\n<p class=\"fig-paragraph\">Dix minutes\u00a0: c\u2019est tout ce dont a eu besoin\u00a0<a href=\"http:\/\/www.lefigaro.fr\/sports\/football\/ligue-1\/ligue-1-george-ilenikhena-transfere-d-anvers-a-monaco-officiel-20240725\" target=\"_blank\" data-fig-type=\"NewsFlash\" rel=\"sponsored noopener nofollow\" data-gtm-custom-categorie=\"navigation\" data-gtm-custom-action=\"crossclick\" data-gtm-custom-label=\"Contextuel\" data-gtm-event=\"customEventSPE\" data-fig-domain=\"LEFIGARO\">George Ilenikhena<\/a>\u00a0pour montrer tout son talent. Rentr\u00e9 \u00e0 la 78e \u00e0 la place de Mika Biereth, l\u2019avant-centre Franco-Nig\u00e9rien s\u2019est envol\u00e9 dans la surface auxerroise pour ass\u00e9ner un coup de t\u00eate fatal \u00e0 tous les Bourguignons, et ainsi climatiser l\u2019Abb\u00e9-Deschamps. Monaco tient son nouveau prince.<\/p>\n<p class=\"fig-paragraph\"><strong>FLOPS<\/strong><\/p>\n<p>Casimir a tout g\u00e2ch\u00e9<\/p>\n<p class=\"fig-paragraph\">Tr\u00e8s bon \u00e0 l\u2019image de l\u2019int\u00e9gralit\u00e9 des Auxerrois dans les 45 premi\u00e8res minutes, l\u2019ancien havrais a fait couler son \u00e9quipe en recevant un carton rouge. L\u2019ailier bourguignon aurait facilement pu \u00e9viter cette expulsion s\u2019il ne s\u2019\u00e9tait pas pris dans une petite \u00e9chauffour\u00e9e avec Minamino (56e) et s\u2019\u00e9tait retenu de tacler Paris Brunner (69e). R\u00e9duits \u00e0 dix, les Auxerrois ont logiquement c\u00e9d\u00e9, m\u00eame s\u2019ils ont r\u00e9ussi a \u00e9galis\u00e9. Une prestation g\u00e2ch\u00e9e\u00a0!<\/p>\n<p>Le gros manqu\u00e9 de Sinayoko<\/p>\n<p class=\"fig-paragraph\">Le seul buteur de l\u2019AJA cette saison en Ligue 1 (le but aujourd\u2019hui est un CSC de Salisu), Lassine Sinayoko, \u00e0 l\u2019image de toute son \u00e9quipe, n\u2019a pas \u00e9t\u00e9 en r\u00e9ussite ce soir \u00e0 l\u2019Abb\u00e9-Deschamps. Une prestation symbolis\u00e9e par ce un contre un face \u00e0 Kohn en d\u00e9but de match, ou apr\u00e8s une succession de passement de jambes, l\u2019international malien se fait surprendre par le retour de Vanderson. Une action qui est peut-\u00eatre rest\u00e9e dans la t\u00eate de l\u2019avant-centre auxerrois, qui a \u00e9t\u00e9 tr\u00e8s en retrait compar\u00e9 notamment \u00e0 Namaso jusqu\u2019\u00e0 sa sortie (77e) en lieu et place de Rudy Matondo.<\/p>\n","protected":false},"excerpt":{"rendered":"Ce samedi, Auxerre accueillait l\u2019AS Monaco (1-2) dans le cadre de la 4e journ\u00e9e de Ligue 1. D\u00e9couvrez&hellip;\n","protected":false},"author":2,"featured_media":389417,"comment_status":"","ping_status":"","sticky":false,"template":"","format":"standard","meta":{"footnotes":""},"categories":[9],"tags":[4428,2266,1011,27,60],"class_list":{"0":"post-389416","1":"post","2":"type-post","3":"status-publish","4":"format-standard","5":"has-post-thumbnail","7":"category-sports","8":"tag-aj-auxerre","9":"tag-as-monaco","10":"tag-fr","11":"tag-france","12":"tag-sports"},"share_on_mastodon":{"url":"https:\/\/pubeurope.com\/@fr\/115200767313438884","error":""},"_links":{"self":[{"href":"https:\/\/www.europesays.com\/fr\/wp-json\/wp\/v2\/posts\/389416","targetHints":{"allow":["GET"]}}],"collection":[{"href":"https:\/\/www.europesays.com\/fr\/wp-json\/wp\/v2\/posts"}],"about":[{"href":"https:\/\/www.europesays.com\/fr\/wp-json\/wp\/v2\/types\/post"}],"author":[{"embeddable":true,"href":"https:\/\/www.europesays.com\/fr\/wp-json\/wp\/v2\/users\/2"}],"replies":[{"embeddable":true,"href":"https:\/\/www.europesays.com\/fr\/wp-json\/wp\/v2\/comments?post=389416"}],"version-history":[{"count":0,"href":"https:\/\/www.europesays.com\/fr\/wp-json\/wp\/v2\/posts\/389416\/revisions"}],"wp:featuredmedia":[{"embeddable":true,"href":"https:\/\/www.europesays.com\/fr\/wp-json\/wp\/v2\/media\/389417"}],"wp:attachment":[{"href":"https:\/\/www.europesays.com\/fr\/wp-json\/wp\/v2\/media?parent=389416"}],"wp:term":[{"taxonomy":"category","embeddable":true,"href":"https:\/\/www.europesays.com\/fr\/wp-json\/wp\/v2\/categories?post=389416"},{"taxonomy":"post_tag","embeddable":true,"href":"https:\/\/www.europesays.com\/fr\/wp-json\/wp\/v2\/tags?post=389416"}],"curies":[{"name":"wp","href":"https:\/\/api.w.org\/{rel}","templated":true}]}}