{"id":389420,"date":"2025-09-14T04:30:13","date_gmt":"2025-09-14T04:30:13","guid":{"rendered":"https:\/\/www.europesays.com\/fr\/389420\/"},"modified":"2025-09-14T04:30:13","modified_gmt":"2025-09-14T04:30:13","slug":"cette-tempete-magnetique-frappe-la-terre-et-terrifie-les-scientifiques","status":"publish","type":"post","link":"https:\/\/www.europesays.com\/fr\/389420\/","title":{"rendered":"cette temp\u00eate magn\u00e9tique frappe la Terre et terrifie les scientifiques"},"content":{"rendered":"<tr>\n<td><strong>EN BREF<\/strong><\/td>\n<\/tr>\n<tr>\n<td>\n<ul>\n<li>\ud83c\udf1e Une structure en forme de <strong>\u00ab S \u00bb invers\u00e9<\/strong> est apparue sur le Soleil, attirant l\u2019attention des scientifiques.<\/li>\n<li>\u26a1 L\u2019\u00e9ruption solaire a provoqu\u00e9 une <strong>temp\u00eate g\u00e9omagn\u00e9tique<\/strong> de faible intensit\u00e9, impactant bri\u00e8vement la Terre.<\/li>\n<li>\ud83c\udf15 Une <strong>\u00e9clipse lunaire totale<\/strong>, dite \u00ab lune de sang \u00bb, a co\u00efncid\u00e9 avec cet \u00e9v\u00e9nement solaire.<\/li>\n<li>\ud83d\udd0d Les chercheurs \u00e9tudient ces ph\u00e9nom\u00e8nes pour mieux <strong>anticiper les impacts<\/strong> des activit\u00e9s solaires sur notre plan\u00e8te.<\/li>\n<\/ul>\n<\/td>\n<\/tr>\n<p>La r\u00e9cente apparition d\u2019une structure en forme de \u00ab S \u00bb invers\u00e9 sur le Soleil a suscit\u00e9 l\u2019int\u00e9r\u00eat des scientifiques et du grand public. Cette formation spectaculaire, observ\u00e9e le 4 septembre 2025, a pr\u00e9c\u00e9d\u00e9 une \u00e9jection de masse coronale qui a eu des r\u00e9percussions sur la Terre. Cette s\u00e9quence d\u2019\u00e9v\u00e9nements met en lumi\u00e8re l\u2019activit\u00e9 solaire et ses cons\u00e9quences possibles pour notre plan\u00e8te. L\u2019impact sur la magn\u00e9tosph\u00e8re terrestre et l\u2019\u00e9clipse lunaire qui s\u2019est produite simultan\u00e9ment ajoutent une dimension fascinante \u00e0 cet \u00e9pisode c\u00e9leste.<\/p>\n<p>Une formation solaire impressionnante<\/p>\n<p>Le 4 septembre 2025, une structure massive en forme de \u00ab S \u00bb invers\u00e9 est apparue sur le Soleil. Situ\u00e9e au centre de l\u2019astre, \u00e0 quelques dizaines de milliers de kilom\u00e8tres au-dessus de son \u00e9quateur, cette formation a impressionn\u00e9 par sa taille. Avec une largeur de 125 000 kilom\u00e8tres, elle \u00e9tait dix fois plus grande que le diam\u00e8tre de la Terre. Cette manifestation inhabituelle a pr\u00e9c\u00e9d\u00e9 de peu l\u2019\u00e9jection d\u2019une masse coronale. Les scientifiques ont rapidement observ\u00e9 que cette \u00e9ruption, de type M, a lib\u00e9r\u00e9 une colonne de mati\u00e8re qui s\u2019est \u00e9tendue jusqu\u2019\u00e0 700 000 kilom\u00e8tres.<\/p>\n<p>La structure en \u00ab S \u00bb a intrigu\u00e9 les chercheurs. Les sp\u00e9cialistes parlent d\u2019\u00ab \u00e9ruption sigmo\u00efde \u00bb, un ph\u00e9nom\u00e8ne nomm\u00e9 d\u2019apr\u00e8s la lettre grecque sigma en raison de sa similitude morphologique. Ces configurations magn\u00e9tiques sont souvent le pr\u00e9lude \u00e0 des explosions solaires, car elles t\u00e9moignent de champs magn\u00e9tiques tordus autour des taches solaires. Cette instabilit\u00e9 conduit fr\u00e9quemment \u00e0 des ruptures, expulsant de la mati\u00e8re vers l\u2019espace.<\/p>\n<blockquote class=\"wp-embedded-content\" data-secret=\"uw3LJOcktc\">\n<p><a href=\"https:\/\/www.enviro2b.com\/2025\/07\/13\/ces-trains-produisent-leur-propre-energie-le-monde-entier-sous-le-choc-face-au-lancement-incroyable-du-premier-systeme-ferrovoltaique-sur-des-rails-solaires-en-service\/\" rel=\"nofollow noopener\" target=\"_blank\">\u00ab Ces trains produisent leur propre \u00e9nergie \u00bb : le monde entier sous le choc face au lancement incroyable du premier syst\u00e8me ferrovolta\u00efque sur des rails solaires en service<\/a><\/p>\n<\/blockquote>\n<p>L\u2019\u00e9jection de masse coronale et ses effets<\/p>\n<p>Moins d\u2019une heure apr\u00e8s l\u2019apparition de la structure sigmo\u00efde, une \u00e9jection de masse coronale s\u2019est dirig\u00e9e vers la Terre. Cet \u00e9v\u00e9nement a provoqu\u00e9 une temp\u00eate g\u00e9omagn\u00e9tique de faible intensit\u00e9, class\u00e9e G1. Bien que cette temp\u00eate ait bri\u00e8vement perturb\u00e9 le bouclier magn\u00e9tique de notre plan\u00e8te, elle n\u2019a pas g\u00e9n\u00e9r\u00e9 d\u2019aurores spectaculaires sous les latitudes moyennes. L\u2019effet de cette \u00e9jection sur la Terre a \u00e9t\u00e9 limit\u00e9, mais il souligne la n\u00e9cessit\u00e9 de surveiller les activit\u00e9s solaires.<\/p>\n<p>Les \u00e9jections de masse coronale sont des ph\u00e9nom\u00e8nes puissants qui peuvent avoir des impacts significatifs. Lorsqu\u2019elles atteignent la Terre, elles peuvent perturber les syst\u00e8mes de communication et de navigation, ainsi que les r\u00e9seaux \u00e9lectriques. Bien que l\u2019\u00e9ruption du 4 septembre n\u2019ait pas caus\u00e9 de dommages majeurs, elle rappelle l\u2019importance d\u2019une vigilance constante face aux caprices du Soleil.<\/p>\n<blockquote class=\"wp-embedded-content\" data-secret=\"MgrVli2Zag\">\n<p><a href=\"https:\/\/www.enviro2b.com\/2025\/08\/17\/on-ma-vole-mes-economies-la-revente-delectricite-solaire-plonge-des-milliers-de-foyers-francais-dans-un-gouffre-financier-en-2025\/\" rel=\"nofollow noopener\" target=\"_blank\">\u00ab On m\u2019a vol\u00e9 mes \u00e9conomies \u00bb : la revente d\u2019\u00e9lectricit\u00e9 solaire plonge des milliers de foyers fran\u00e7ais dans un gouffre financier en 2025<\/a><\/p>\n<\/blockquote>\n<p>Co\u00efncidence c\u00e9leste : l\u2019\u00e9clipse lunaire<\/p>\n<p>La temp\u00eate g\u00e9omagn\u00e9tique s\u2019est produite en m\u00eame temps qu\u2019une \u00e9clipse lunaire totale, connue sous le nom de \u00ab lune de sang \u00bb. Cet \u00e9v\u00e9nement c\u00e9leste a \u00e9t\u00e9 visible dans plusieurs r\u00e9gions du monde, offrant un spectacle saisissant pour les observateurs. La co\u00efncidence de ces deux ph\u00e9nom\u00e8nes a ajout\u00e9 une dimension suppl\u00e9mentaire \u00e0 l\u2019\u00e9pisode solaire, captivant l\u2019attention des passionn\u00e9s d\u2019astronomie.<\/p>\n<p>L\u2019\u00e9clipse lunaire totale se produit lorsque la Terre s\u2019interpose entre le Soleil et la Lune, projetant son ombre sur cette derni\u00e8re. Le ph\u00e9nom\u00e8ne de \u00ab lune de sang \u00bb est ainsi nomm\u00e9 en raison de la teinte rouge\u00e2tre que prend la Lune lors de l\u2019\u00e9clipse. Cette couleur caract\u00e9ristique est due \u00e0 la r\u00e9fraction de la lumi\u00e8re solaire par l\u2019atmosph\u00e8re terrestre. Bien que distinct de l\u2019\u00e9ruption solaire, cet \u00e9v\u00e9nement a enrichi l\u2019exp\u00e9rience d\u2019observation pour ceux qui ont eu la chance de le contempler.<\/p>\n<p>Implications pour la recherche scientifique<\/p>\n<p>Les r\u00e9centes observations soulignent l\u2019importance de la recherche solaire pour comprendre les interactions entre notre \u00e9toile et la Terre. Les \u00e9ruptions solaires et les \u00e9jections de masse coronale sont des ph\u00e9nom\u00e8nes complexes qui n\u00e9cessitent une surveillance attentive. Les scientifiques utilisent des outils avanc\u00e9s pour \u00e9tudier ces \u00e9v\u00e9nements et anticiper leurs effets potentiels.<\/p>\n<p>Les donn\u00e9es recueillies lors de l\u2019apparition de la structure sigmo\u00efde et de l\u2019\u00e9jection qui a suivi offrent des perspectives pr\u00e9cieuses pour la recherche. Elles permettent d\u2019am\u00e9liorer les mod\u00e8les de pr\u00e9vision des temp\u00eates g\u00e9omagn\u00e9tiques et de mieux comprendre les m\u00e9canismes sous-jacents. Cette connaissance est essentielle pour prot\u00e9ger les infrastructures technologiques et anticiper les impacts sur notre quotidien.<\/p>\n<p>La r\u00e9cente activit\u00e9 solaire souligne l\u2019interconnexion entre le Soleil et notre plan\u00e8te. Les \u00e9v\u00e9nements observ\u00e9s d\u00e9montrent la n\u00e9cessit\u00e9 d\u2019une vigilance continue face aux ph\u00e9nom\u00e8nes solaires. Alors que la recherche continue de progresser, quelles nouvelles d\u00e9couvertes sur le comportement de notre \u00e9toile nous attendent ?<\/p>\n<p>Cet article s\u2019appuie sur des sources v\u00e9rifi\u00e9es et l\u2019assistance de technologies \u00e9ditoriales.<\/p>\n<p id=\"rating\">\u00c7a vous a plu ?\u00a04.4\/5 (28)<\/p>\n","protected":false},"excerpt":{"rendered":"EN BREF \ud83c\udf1e Une structure en forme de \u00ab S \u00bb invers\u00e9 est apparue sur le Soleil, attirant&hellip;\n","protected":false},"author":2,"featured_media":389421,"comment_status":"","ping_status":"","sticky":false,"template":"","format":"standard","meta":{"footnotes":""},"categories":[7],"tags":[1011,27,43,40,41,39,42,44],"class_list":{"0":"post-389420","1":"post","2":"type-post","3":"status-publish","4":"format-standard","5":"has-post-thumbnail","7":"category-sciences-et-technologies","8":"tag-fr","9":"tag-france","10":"tag-science","11":"tag-science-and-technology","12":"tag-sciences","13":"tag-sciences-et-technologies","14":"tag-technologies","15":"tag-technology"},"share_on_mastodon":{"url":"https:\/\/pubeurope.com\/@fr\/115200774884700869","error":""},"_links":{"self":[{"href":"https:\/\/www.europesays.com\/fr\/wp-json\/wp\/v2\/posts\/389420","targetHints":{"allow":["GET"]}}],"collection":[{"href":"https:\/\/www.europesays.com\/fr\/wp-json\/wp\/v2\/posts"}],"about":[{"href":"https:\/\/www.europesays.com\/fr\/wp-json\/wp\/v2\/types\/post"}],"author":[{"embeddable":true,"href":"https:\/\/www.europesays.com\/fr\/wp-json\/wp\/v2\/users\/2"}],"replies":[{"embeddable":true,"href":"https:\/\/www.europesays.com\/fr\/wp-json\/wp\/v2\/comments?post=389420"}],"version-history":[{"count":0,"href":"https:\/\/www.europesays.com\/fr\/wp-json\/wp\/v2\/posts\/389420\/revisions"}],"wp:featuredmedia":[{"embeddable":true,"href":"https:\/\/www.europesays.com\/fr\/wp-json\/wp\/v2\/media\/389421"}],"wp:attachment":[{"href":"https:\/\/www.europesays.com\/fr\/wp-json\/wp\/v2\/media?parent=389420"}],"wp:term":[{"taxonomy":"category","embeddable":true,"href":"https:\/\/www.europesays.com\/fr\/wp-json\/wp\/v2\/categories?post=389420"},{"taxonomy":"post_tag","embeddable":true,"href":"https:\/\/www.europesays.com\/fr\/wp-json\/wp\/v2\/tags?post=389420"}],"curies":[{"name":"wp","href":"https:\/\/api.w.org\/{rel}","templated":true}]}}