{"id":389424,"date":"2025-09-14T04:33:16","date_gmt":"2025-09-14T04:33:16","guid":{"rendered":"https:\/\/www.europesays.com\/fr\/389424\/"},"modified":"2025-09-14T04:33:16","modified_gmt":"2025-09-14T04:33:16","slug":"son-corps-decouvert-par-son-mari-dans-le-gard","status":"publish","type":"post","link":"https:\/\/www.europesays.com\/fr\/389424\/","title":{"rendered":"son corps d\u00e9couvert par son mari dans le Gard"},"content":{"rendered":"<p>L\u2019\u00e9motion est vive dans la <a href=\"https:\/\/www.laprovence.com\/article\/politique\/2254833733388115\/municipales-2026-vers-un-statu-quo-dans-les-communes-gardoises-du-grand-avignon\" target=\"_blank\" rel=\"noopener\">commune gardoise<\/a> depuis la d\u00e9couverte du corps de la <a href=\"https:\/\/www.laprovence.com\/article\/societe\/40057539740902\/bouches-du-rhone-les-pharmacies-en-greve-des-gardes-et-des-astreintes-des-ce-mercredi\" target=\"_blank\" rel=\"noopener\">pharmacienne<\/a>, lard\u00e9e de <a href=\"https:\/\/www.laprovence.com\/article\/faits-divers-justice\/4592965779490314\/coups-de-couteau-a-belsunce-a-marseille-dans-la-nuit-de-vendredi-a-ce-samedi-un-homme-blesse-et-deux-suspects-interpelles\" target=\"_blank\" rel=\"noopener\">coups de couteau<\/a>, jeudi 11\u00a0septembre dernier. Dans sa propri\u00e9t\u00e9 de Connaux (village voisin de Tresques, o\u00f9 la victime \u00e2g\u00e9e de 49\u00a0ans tenait une pharmacie avec son mari), la m\u00e8re de 4 enfants a \u00e9t\u00e9 retrouv\u00e9e dans le jardin, \u00ab\u00a0pr\u00e9sentant des traces de sang et de violences\u00a0\u00bb, relate le parquet de N\u00eemes, qui a ouvert une enqu\u00eate pour homicide volontaire.<\/p>\n<p>Le mari en garde \u00e0 vue rel\u00e2ch\u00e9<\/p>\n<p>Les circonstances de cet homicide sont pour l\u2019heure tr\u00e8s floues. Les gendarmes de la section de recherche de N\u00eemes m\u00e8nent les investigations. Selon la presse locale, dans la foul\u00e9e de la d\u00e9couverte du corps, une personne a \u00e9t\u00e9 plac\u00e9e en garde \u00e0 vue. Il s\u2019agit de son mari, qui n\u2019\u00e9tait pas pr\u00e9sent au moment des faits, mais qui a d\u00e9couvert sa femme, derri\u00e8re des cypr\u00e8s, dans le parc de leur b\u00e2tisse isol\u00e9e au milieu des vignes. Sa garde \u00e0 vue a n\u00e9anmoins \u00e9t\u00e9 prolong\u00e9e, notamment pour v\u00e9rifier son alibi et d\u2019autres informations. Il a \u00e9t\u00e9 lib\u00e9r\u00e9 ce samedi 13 septembre.<\/p>\n<p>Ce week-end, qui s\u2019annon\u00e7ait festif \u00e0 Tresques, avec notamment la <a href=\"https:\/\/www.laprovence.com\/article\/sortie-loisirs\/38617773133218\/feria-de-nimes-la-feria-des-vendanges-commence-vendredi\" target=\"_blank\" rel=\"noopener\">Feria des vendanges<\/a> et la <a href=\"https:\/\/www.laprovence.com\/article\/region\/90326440244215\/la-fete-votive-a-commence-sous-les-meilleurs-auspices-a-saint-martin-de-crau\" target=\"_blank\" rel=\"noopener\">f\u00eate votive<\/a>, ne le sera pas. La municipalit\u00e9 a d\u00e9cid\u00e9 d\u2019annuler les festivit\u00e9s. \u00ab\u00a0Tresques est en deuil\u00a0\u00bb, a fait savoir le maire, Alexandre Pissas.<\/p>\n","protected":false},"excerpt":{"rendered":"L\u2019\u00e9motion est vive dans la commune gardoise depuis la d\u00e9couverte du corps de la pharmacienne, lard\u00e9e de coups&hellip;\n","protected":false},"author":2,"featured_media":389425,"comment_status":"","ping_status":"","sticky":false,"template":"","format":"standard","meta":{"footnotes":""},"categories":[4],"tags":[17,11,1446,1011,27,3354,5479,12,52166,52167,25,104,3711,96],"class_list":{"0":"post-389424","1":"post","2":"type-post","3":"status-publish","4":"format-standard","5":"has-post-thumbnail","7":"category-france","8":"tag-17","9":"tag-actualites","10":"tag-dans","11":"tag-fr","12":"tag-france","13":"tag-jardin","14":"tag-meurt","15":"tag-news","16":"tag-pharmacienne","17":"tag-poignardee","18":"tag-republique-francaise","19":"tag-societe","20":"tag-son","21":"tag-une"},"share_on_mastodon":{"url":"https:\/\/pubeurope.com\/@fr\/115200786683182976","error":""},"_links":{"self":[{"href":"https:\/\/www.europesays.com\/fr\/wp-json\/wp\/v2\/posts\/389424","targetHints":{"allow":["GET"]}}],"collection":[{"href":"https:\/\/www.europesays.com\/fr\/wp-json\/wp\/v2\/posts"}],"about":[{"href":"https:\/\/www.europesays.com\/fr\/wp-json\/wp\/v2\/types\/post"}],"author":[{"embeddable":true,"href":"https:\/\/www.europesays.com\/fr\/wp-json\/wp\/v2\/users\/2"}],"replies":[{"embeddable":true,"href":"https:\/\/www.europesays.com\/fr\/wp-json\/wp\/v2\/comments?post=389424"}],"version-history":[{"count":0,"href":"https:\/\/www.europesays.com\/fr\/wp-json\/wp\/v2\/posts\/389424\/revisions"}],"wp:featuredmedia":[{"embeddable":true,"href":"https:\/\/www.europesays.com\/fr\/wp-json\/wp\/v2\/media\/389425"}],"wp:attachment":[{"href":"https:\/\/www.europesays.com\/fr\/wp-json\/wp\/v2\/media?parent=389424"}],"wp:term":[{"taxonomy":"category","embeddable":true,"href":"https:\/\/www.europesays.com\/fr\/wp-json\/wp\/v2\/categories?post=389424"},{"taxonomy":"post_tag","embeddable":true,"href":"https:\/\/www.europesays.com\/fr\/wp-json\/wp\/v2\/tags?post=389424"}],"curies":[{"name":"wp","href":"https:\/\/api.w.org\/{rel}","templated":true}]}}