{"id":389426,"date":"2025-09-14T04:34:30","date_gmt":"2025-09-14T04:34:30","guid":{"rendered":"https:\/\/www.europesays.com\/fr\/389426\/"},"modified":"2025-09-14T04:34:30","modified_gmt":"2025-09-14T04:34:30","slug":"a-la-fete-de-lhumanite-olivier-faure-a-eu-bien-du-mal-a-se-faire-entendre-surtout-face-a-lfi","status":"publish","type":"post","link":"https:\/\/www.europesays.com\/fr\/389426\/","title":{"rendered":"\u00c0 la f\u00eate de l\u2019Humanit\u00e9, Olivier Faure a eu bien du mal \u00e0 se faire entendre (surtout face \u00e0 LFI)"},"content":{"rendered":"<p>        <img decoding=\"async\" loading=\"lazy\" src=\"https:\/\/www.europesays.com\/fr\/wp-content\/uploads\/2025\/09\/83b030c_upload-1-6gyybl7wcgfq-afp-20250913-74df89e-v1-midres-francepoliticspartiesfestival.jpg\"  width=\"728\" height=\"410\" alt=\"Olivier Faure, le 13\u00a0septembre 2025\u00a0\u00e0 la F\u00eate de l\u2019Humanit\u00e9.\"\/>  <\/p>\n<p>IAN LANGSDON \/ AFP<\/p>\n<p>Olivier Faure, le 13\u00a0septembre 2025\u00a0\u00e0 la F\u00eate de l\u2019Humanit\u00e9.<\/p>\n<p class=\"asset asset-text\">GAUCHE &#8211; \u00c0 l\u2019applaudim\u00e8tre, c\u2019est lui qui perd. Ce samedi 12\u00a0septembre, <a href=\"https:\/\/www.huffingtonpost.fr\/politique\/article\/a-la-fete-de-l-huma-l-illusion-d-une-union-de-la-gauche-qui-n-existe-plus_254741.html\" target=\"_blank\" rel=\"noopener\">les cadres de la gauche se sont r\u00e9unis \u00e0 la f\u00eate de l\u2019Humanit\u00e9 <\/a>pour le traditionnel d\u00e9bat. Marine Tondelier, secr\u00e9taire nationale des \u00c9cologistes, St\u00e9phane Peu, pr\u00e9sident du groupe communiste \u00e0 l\u2019Assembl\u00e9e, Fran\u00e7ois Ruffin ex-insoumis et pr\u00e9sident de Debout\u00a0! et <a href=\"https:\/\/www.huffingtonpost.fr\/politique\/article\/olivier-faure-raconte-comment-emmanuel-macron-lui-a-annonce-la-nomination-de-sebastien-lecornu_254644.html\" target=\"_blank\" rel=\"noopener\">Olivier Faure<\/a>, premier secr\u00e9taire du PS ont \u00e9chang\u00e9 devant une foule compacte. Et hostile au repr\u00e9sentant socialiste.<\/p>\n<p class=\"asset asset-text\">D\u00e8s la pr\u00e9sentation des invit\u00e9s, les hu\u00e9es se sont entendues parmi quelques applaudissements. Avant de se r\u00e9p\u00e9ter, alors qu\u2019Olivier Faure s\u2019appr\u00eatait \u00e0 prendre la parole juste apr\u00e8s le repr\u00e9sentant insoumis, le d\u00e9put\u00e9 de Haute-Garonne Hadrien Clouet. \u00ab\u00a0Quelles sont les raisons qui vous poussent \u00e0 me huer alors que je n\u2019ai pas encore parl\u00e9\u00a0?\u00a0\u00bb, interroge le dirigeant socialiste. Quelques instants plus tard, c\u2019est la mod\u00e9ratrice du d\u00e9bat qui doit intervenir pour appeler \u00e0 respecter les orateurs.<\/p>\n<p class=\"asset asset-text\">Sans grand succ\u00e8s. Alors qu\u2019apr\u00e8s un premier tour, Olivier Faure s\u2019appr\u00eate \u00e0 reprendre la parole, les hu\u00e9es reviennent. \u00ab\u00a0J\u2019aurai presque envie que vous preniez la parole et que vous me disiez tr\u00e8s directement ce que vous semblez vouloir me dire\u00a0\u00bb, lance-t-il en s\u2019adressant directement \u00e0 l\u2019auditoire.<\/p>\n<p>    LFI tacle les \u00ab\u00a0lignes rouges \u00e0 peine rose pale\u00a0\u00bb    <\/p>\n<p class=\"asset asset-text\">L\u2019ambiance n\u2019a plus rien \u00e0 voir avec celle de l\u2019\u00e9t\u00e9 dernier, quand le Nouveau Front Populaire arrivait uni autour de la candidature de Lucie Castets \u00e0 Matignon. \u00c0 cette \u00e9poque pas si lointaine, \u00ab\u00a0on avait b\u00e9n\u00e9fici\u00e9 d\u2019un accueil extraordinaire ici (&#8230;) parce qu\u2019on s\u2019\u00e9tait engag\u00e9, alors que l\u2019extr\u00eame droite \u00e9tait aux portes du pouvoir, \u00e0 ne faire qu\u2019un malgr\u00e9 nos diff\u00e9rences\u00a0\u00bb, a rappel\u00e9 Marine Tondelier, insistant sur le fait qu\u2019en cas de nouvelle dissolution, \u00ab\u00a0il n\u2019y a pas moins de chance\u00a0que l\u2019extr\u00eame droite arrive \u00e0 Matignon\u00a0\u00bb.<\/p>\n<p class=\"asset asset-text\">Sur la m\u00eame ligne Fran\u00e7ois Ruffin et St\u00e9phane Peu n\u2019ont pas non plus renonc\u00e9 l\u2019union, \u00ab\u00a0de Besancenot \u00e0 Vallaud\u00a0\u00bb selon le d\u00e9put\u00e9 de la Somme. \u00ab\u00a0Si, en face du p\u00e9ril ( l\u2019union de la droite et de l\u2019extr\u00eame droite) qui est en train de se fabriquer, nous persistons \u00e0 nous diviser, \u00e0 regarder l\u2019accessoire et \u00e0 ne pas regarder l\u2019essentiel, nous sommes incons\u00e9quents\u00a0!\u00a0\u00bb, appuie St\u00e9phane Peu.<\/p>\n<p class=\"asset asset-text\">Mais ce discours unitaire semble difficilement inaudible. En cause principalement, les divergences profondes entre socialistes et insoumis sur la tenue de n\u00e9gociations avec le gouvernement Lecornu sur le budget 2026. Discussions que la France insoumise refuse, arguant que seul un programme \u00ab\u00a0de rupture\u00a0\u00bb &#8211; sans compromis aucun &#8211; doit pr\u00e9valoir.<\/p>\n<p class=\"asset asset-text\">\u00ab\u00a0Il ne faut surtout pas glisser\u00a0vers l\u2019option qu\u2019on a pu voir discut\u00e9e cet \u00e9t\u00e9, \u00e0 savoir celle de l\u2019union bourgeoise et du risque de fusion avec un macronisme pourrissant sur la base de contre budget capitulaire ou de lignes rouges qui sont \u00e0 peine roses pales\u00a0\u00bb, a cingl\u00e9 Hadrien Clouet. Un tacle directement adress\u00e9 aux socialistes, lesquels revendiquent de discuter avec le gouvernement pour tenter d\u2019arracher des victoires cibl\u00e9es.<\/p>\n<p>                     M\u00e9lenchon, \u00ab\u00a0intraitable\u00a0\u00bb    <\/p>\n<p class=\"asset asset-text\">En face, Olivier Faure assume\u00a0: \u00ab\u00a0Qui ici veut rendre le pouvoir \u00e0 la macronie\u00a0? Qui ici n\u2019est pas pour la taxe Zucman\u00a0?\u00a0\u00bb, harangue-t-il. \u00ab\u00a0Je dis que nous n\u2019avons pas de temps pour attendre\u00a0\u00bb. \u00ab\u00a0La gauche n\u2019a jamais gagn\u00e9 que lorsqu\u2019elle a gouvern\u00e9. (&#8230; ) On peut manifester, mais le d\u00e9bouch\u00e9 politique, le seul qui vaille, c\u2019est de gouverner et c\u2019est la raison pour laquelle je dis devant vous que oui, la gauche et les \u00e9cologistes sont pr\u00eats \u00e0 gouverner et remplacer ce gouvernement\u00a0\u00bb, a-t-il maintenu.<\/p>\n<p class=\"asset asset-text\">Apr\u00e8s les hu\u00e9es, le patron du PS s\u2019est attir\u00e9 des applaudissements plus nourris en rappelant avoir \u00ab\u00a0refus\u00e9 d\u2019entrer au gouvernement\u00a0\u00bb. \u00ab\u00a0Plut\u00f4t que de nous opposez les uns aux autres, de nous huer les uns ou les autres, faisons en sorte de faire avancer nos combats et que demain la vie soit meilleur pour le plus grand nombre\u00a0\u00bb, a-t-il conclu.<\/p>\n<p class=\"asset asset-text\">Le message sera-t-il entendu\u00a0? Quelques heures plus tard, s\u2019exprimant seul \u00e0 la F\u00eate de l\u2019Humanit\u00e9, Jean-Luc M\u00e9lenchon a martel\u00e9 que l\u2019union se fera \u00ab\u00a0sur les revendications d\u2019un autre futur, intraitable\u00a0\u00bb et pas sur \u00ab\u00a0le plus petit d\u00e9nominateur\u00a0\u00bb. Et le chef insoumis d\u2019\u00e9gratigner ceux qui se disent \u00ab\u00a0plus unitaires que tout le monde\u00a0\u00bb pour ensuite critiquer les autres formations, ou en l\u2019occurrence la sienne en particulier. Pour l\u2019union, on repassera.<\/p>\n","protected":false},"excerpt":{"rendered":"IAN LANGSDON \/ AFP Olivier Faure, le 13\u00a0septembre 2025\u00a0\u00e0 la F\u00eate de l\u2019Humanit\u00e9. GAUCHE &#8211; \u00c0 l\u2019applaudim\u00e8tre, c\u2019est&hellip;\n","protected":false},"author":2,"featured_media":389427,"comment_status":"","ping_status":"","sticky":false,"template":"","format":"standard","meta":{"footnotes":""},"categories":[2],"tags":[11,52168,1011,27,3081,1023,12,4393,4484,316],"class_list":{"0":"post-389426","1":"post","2":"type-post","3":"status-publish","4":"format-standard","5":"has-post-thumbnail","7":"category-actualites","8":"tag-actualites","9":"tag-fete-de-l-humanite","10":"tag-fr","11":"tag-france","12":"tag-jean-luc-melenchon","13":"tag-la-france-insoumise-lfi","14":"tag-news","15":"tag-olivier-faure","16":"tag-parti-socialiste-ps","17":"tag-politique"},"share_on_mastodon":{"url":"https:\/\/pubeurope.com\/@fr\/115200790640761192","error":""},"_links":{"self":[{"href":"https:\/\/www.europesays.com\/fr\/wp-json\/wp\/v2\/posts\/389426","targetHints":{"allow":["GET"]}}],"collection":[{"href":"https:\/\/www.europesays.com\/fr\/wp-json\/wp\/v2\/posts"}],"about":[{"href":"https:\/\/www.europesays.com\/fr\/wp-json\/wp\/v2\/types\/post"}],"author":[{"embeddable":true,"href":"https:\/\/www.europesays.com\/fr\/wp-json\/wp\/v2\/users\/2"}],"replies":[{"embeddable":true,"href":"https:\/\/www.europesays.com\/fr\/wp-json\/wp\/v2\/comments?post=389426"}],"version-history":[{"count":0,"href":"https:\/\/www.europesays.com\/fr\/wp-json\/wp\/v2\/posts\/389426\/revisions"}],"wp:featuredmedia":[{"embeddable":true,"href":"https:\/\/www.europesays.com\/fr\/wp-json\/wp\/v2\/media\/389427"}],"wp:attachment":[{"href":"https:\/\/www.europesays.com\/fr\/wp-json\/wp\/v2\/media?parent=389426"}],"wp:term":[{"taxonomy":"category","embeddable":true,"href":"https:\/\/www.europesays.com\/fr\/wp-json\/wp\/v2\/categories?post=389426"},{"taxonomy":"post_tag","embeddable":true,"href":"https:\/\/www.europesays.com\/fr\/wp-json\/wp\/v2\/tags?post=389426"}],"curies":[{"name":"wp","href":"https:\/\/api.w.org\/{rel}","templated":true}]}}