{"id":389428,"date":"2025-09-14T04:35:11","date_gmt":"2025-09-14T04:35:11","guid":{"rendered":"https:\/\/www.europesays.com\/fr\/389428\/"},"modified":"2025-09-14T04:35:11","modified_gmt":"2025-09-14T04:35:11","slug":"cinq-jours-pour-traquer-le-chasseur-qui-tirait-a-vue","status":"publish","type":"post","link":"https:\/\/www.europesays.com\/fr\/389428\/","title":{"rendered":"cinq jours pour traquer le chasseur qui tirait \u00e0 vue"},"content":{"rendered":"<p>\u00ab Un coup de fusil malheureux a mis en \u00e9moi tout Rochetaill\u00e9e\u00a0\u00bb. C&rsquo;est le titre d&rsquo;un article paru dans La Tribune-Le Progr\u00e8s, au matin du mardi 14 septembre 1965. La veille, d\u00e9j\u00e0, la chronique des faits divers avait rendu compte du grave accident de chasse survenu au milieu des bois du lieu-dit Le Ras, au cours de l&rsquo;apr\u00e8s-midi du dimanche\u00a0: pendant sa cueillette, un ramasseur de champignons avait \u00e9t\u00e9 atteint au visage et au bras par une d\u00e9charge de chevrotines (*).<\/p>\n<p>Le tireur avait ensuite pris la fuite sans demander son reste\u2026 Les jours suivants, l&rsquo;affaire prend une tournure s\u00e9v\u00e8re\u00a0: Rochetaill\u00e9e veut savoir qui est le tireur fou qui hante ses bois.<\/p>\n<p>\u00ab La l\u00e2chet\u00e9 de celui qui s&rsquo;est enfui\u00a0\u00bb<\/p>\n<p>L&rsquo;enqu\u00eate diligent\u00e9e par les gendarmes de Terrenoire permet, dans un premier temps, d&rsquo;y voir plus clair sur les circonstances de l&rsquo;accident. Le ramasseur de champignons se trouvait dans un bois de sapins, en surplomb de la route qui conduit au barrage du Gouffre d&rsquo;Enfer.<\/p>\n<p>\u00ab Il s&rsquo;est pench\u00e9 sur un buisson lorsqu&rsquo;un coup de fusil partit de sa droite et l&rsquo;atteignit \u00e0 la face et au bras droit\u00a0\u00bb, d\u00e9taille notre reporter dans les articles de l&rsquo;\u00e9poque. \u00ab La dispersion des plombs semble montrer qu&rsquo;il s&rsquo;agissait d&rsquo;une arme ancienne. Le calibre du plomb, en tout cas, est tr\u00e8s petit. Du dix tout au plus\u00a0\u00bb. L&rsquo;enqu\u00eate r\u00e9v\u00e8le plus tard qu&rsquo;il s&rsquo;agit de 9 mm.<\/p>\n<p>\u00a0En d\u00e9pit de ces \u00e9l\u00e9ments, l&rsquo;enqu\u00eate pi\u00e9tine. Les gendarmes d\u00e9cident alors d&rsquo;organiser une sorte de confrontation, en convoquant les 120 adh\u00e9rents de la soci\u00e9t\u00e9 de chasse de Rochetaill\u00e9e. \u00ab\u00a0Tous \u00e9taient exacts au rendez-vous et tous ceux que nous avons pu interroger avant la r\u00e9union, o\u00f9 la presse n&rsquo;\u00e9tait pas admise, \u00e9taient unanimes \u00e0 fl\u00e9trir la l\u00e2chet\u00e9 de celui qui s&rsquo;est enfui sans tenter de porter secours \u00e0 la victime. \u00bb<\/p>\n<p>Pour Monsieur Ravel, le pr\u00e9sident de la soci\u00e9t\u00e9 de chasse de la Saint-Hubert, \u00ab c&rsquo;est d&rsquo;autant plus inadmissible que nous sommes tr\u00e8s bien assur\u00e9s en ce qui concerne la responsabilit\u00e9 civile. Il n&rsquo;y a donc pas d&rsquo;excuse et lorsque nous conna\u00eetrons le coupable, nous sommes tous bien d\u00e9cid\u00e9s \u00e0 nous \u00ab\u00a0occuper de lui\u00a0\u00bb\u00a0\u00bb pr\u00e9vient-il dans les colonnes de La Tribune &#8211; Le Progr\u00e8s, le vendredi 17 septembre 1965.<\/p>\n<p>  La piste du braconnage<\/p>\n<p>Au cours de cette r\u00e9union, les langues se d\u00e9lient. Les gendarmes repartent en disposant du signalement de deux hommes qui ont \u00e9t\u00e9 vus dans le secteur, s&rsquo;\u00e9loignant par la route du Bessat.Ils font aussi le parall\u00e8le avec leurs investigations sur le terrain\u00a0: par trois fois, le chien pisteur qu&rsquo;ils ont l\u00e2ch\u00e9 dans les bois de Rochetaill\u00e9e les a conduits jusqu&rsquo;\u00e0 la maison du garde du barrage du Gouffre-d&rsquo;Enfer.<\/p>\n<p>C&rsquo;est l\u00e0 que se tient la cl\u00e9 du myst\u00e8re. Au barrage, le garde a cinq enfants dont quatre fils. Il y a trois fusils de r\u00e9pertori\u00e9s, mais aucun permis de chasse&#8230; La famille est convoqu\u00e9e pour une audition. Les gendarmes soup\u00e7onnent un accident pendant une partie de braconnage.<\/p>\n<p>Trahi par sa 4CV<\/p>\n<p>C&rsquo;est au cours de l&rsquo;audition de la famille que la v\u00e9rit\u00e9 \u00e9clate au grand jour. Un des fils, alors \u00e2g\u00e9 de 20 ans, d\u00e9clare avoir pass\u00e9 l&rsquo;apr\u00e8s-midi avec un ami \u00e0 Planfoy o\u00f9 ils ont consomm\u00e9 dans divers \u00e9tablissements. Or, personne ne les a vus dans la localit\u00e9&#8230; Et la 4CV avec laquelle ils s&rsquo;y seraient rendus n&rsquo;a pas pu faire le trajet\u00a0: elle est en panne.\u00a0<\/p>\n<p>Accul\u00e9, le jeune homme finit par reconna\u00eetre les faits au soir du vendredi 17 septembre 1965\u00a0: en voulant tirer sur des perdreaux, il avait atteint le malheureux ramasseur de champignons. Il aura fallu cinq jours \u00e0 la petite commune de Rochetaill\u00e9e pour trouver la cl\u00e9 de l&rsquo;\u00e9nigme et identifier son tireur ind\u00e9licat.<\/p>\n<p class=\"note\">(*) La victime, \u00e2g\u00e9e de 55 ans, a surv\u00e9cu, mais a \u00e9t\u00e9 gravement bless\u00e9e \u00e0 un \u0153il.<\/p>\n","protected":false},"excerpt":{"rendered":"\u00ab Un coup de fusil malheureux a mis en \u00e9moi tout Rochetaill\u00e9e\u00a0\u00bb. C&rsquo;est le titre d&rsquo;un article paru&hellip;\n","protected":false},"author":2,"featured_media":389429,"comment_status":"","ping_status":"","sticky":false,"template":"","format":"standard","meta":{"footnotes":""},"categories":[9653],"tags":[119,1111,11,2430,4183,271,272,7539,1777,674,1011,27,937,3367,12,25,11985,32120,4001,7538,10806],"class_list":{"0":"post-389428","1":"post","2":"type-post","3":"status-publish","4":"format-standard","5":"has-post-thumbnail","7":"category-saint-etienne","8":"tag-accident","9":"tag-actu","10":"tag-actualites","11":"tag-auvergne-rhone-alpes","12":"tag-chasse","13":"tag-crime","14":"tag-delit-et-contravention","15":"tag-edition-loire-sud","16":"tag-eu","17":"tag-europe","18":"tag-fr","19":"tag-france","20":"tag-histoire","21":"tag-loire","22":"tag-news","23":"tag-republique-francaise","24":"tag-retro","25":"tag-rochetaillee","26":"tag-saint-etienne","27":"tag-saint-etienne-ville","28":"tag-selection-de-la-redaction-42"},"share_on_mastodon":{"url":"https:\/\/pubeurope.com\/@fr\/115200794526263888","error":""},"_links":{"self":[{"href":"https:\/\/www.europesays.com\/fr\/wp-json\/wp\/v2\/posts\/389428","targetHints":{"allow":["GET"]}}],"collection":[{"href":"https:\/\/www.europesays.com\/fr\/wp-json\/wp\/v2\/posts"}],"about":[{"href":"https:\/\/www.europesays.com\/fr\/wp-json\/wp\/v2\/types\/post"}],"author":[{"embeddable":true,"href":"https:\/\/www.europesays.com\/fr\/wp-json\/wp\/v2\/users\/2"}],"replies":[{"embeddable":true,"href":"https:\/\/www.europesays.com\/fr\/wp-json\/wp\/v2\/comments?post=389428"}],"version-history":[{"count":0,"href":"https:\/\/www.europesays.com\/fr\/wp-json\/wp\/v2\/posts\/389428\/revisions"}],"wp:featuredmedia":[{"embeddable":true,"href":"https:\/\/www.europesays.com\/fr\/wp-json\/wp\/v2\/media\/389429"}],"wp:attachment":[{"href":"https:\/\/www.europesays.com\/fr\/wp-json\/wp\/v2\/media?parent=389428"}],"wp:term":[{"taxonomy":"category","embeddable":true,"href":"https:\/\/www.europesays.com\/fr\/wp-json\/wp\/v2\/categories?post=389428"},{"taxonomy":"post_tag","embeddable":true,"href":"https:\/\/www.europesays.com\/fr\/wp-json\/wp\/v2\/tags?post=389428"}],"curies":[{"name":"wp","href":"https:\/\/api.w.org\/{rel}","templated":true}]}}