{"id":389436,"date":"2025-09-14T04:40:12","date_gmt":"2025-09-14T04:40:12","guid":{"rendered":"https:\/\/www.europesays.com\/fr\/389436\/"},"modified":"2025-09-14T04:40:12","modified_gmt":"2025-09-14T04:40:12","slug":"logement-scolarite-activites-sportives-la-marine-se-met-en-quatre-pour-aider-les-nouveaux-marins-toulonnais","status":"publish","type":"post","link":"https:\/\/www.europesays.com\/fr\/389436\/","title":{"rendered":"Logement, scolarit\u00e9, activit\u00e9s sportives&#8230; La Marine se met en quatre pour aider les nouveaux marins toulonnais"},"content":{"rendered":"<p>Samedi, les mille marins affect\u00e9s \u00e0 la base de d\u00e9fense de Toulon \u00e9taient invit\u00e9s au 24e forum de rentr\u00e9e install\u00e9 \u00e0 l\u2019escale amiral Ronarc\u2019h. Les animateurs des 70 exposants, partenaires institutionnels, priv\u00e9s et associatifs y pr\u00e9sentaient toute la documentation n\u00e9cessaire pour faciliter leur installation et r\u00e9pondre \u00e0 leurs multiples interrogations: logement, scolarit\u00e9, cr\u00e8ches, activit\u00e9s sportives et culturelles, sant\u00e9 et protection sociale, r\u00e9seau de transport, emploi pour le conjoint..<\/p>\n<p>Pr\u00e9sents, le contre-amiral Arnaud Tranchant, commandant de la base de d\u00e9fense de Toulon, le commissaire g\u00e9n\u00e9ral J\u00e9r\u00f4me Tr\u00e9mintin, chef du groupement de soutien du m\u00eame site, et Jos\u00e9e Massi, maire de Toulon, ont appr\u00e9ci\u00e9 l\u2019implication des personnels charg\u00e9s de l\u2019organisation et de l\u2019accueil des nombreux visiteurs.<\/p>\n<p>\u00ab\u00a0On leur doit quelque chose\u00a0\u00bb<\/p>\n<p>\u00c9galement adjoint au commandant de l\u2019arrondissement maritime de la M\u00e9diterran\u00e9e, le contre-amiral Arnaud Tranchant a mentionn\u00e9: \u00ab\u00a0Les deux tiers des mille nouveaux arrivants sont charg\u00e9s de familles. Nos services ont enregistr\u00e9 930 enfants. Ils rejoignent les 23.000 civils et militaires affect\u00e9s sur la base. On leur doit quelque chose. La vie de militaire inclus des changements d\u2019affectation et des d\u00e9m\u00e9nagements fr\u00e9quents. Autant de nouvelles installations. Nos services mettent tout en \u0153uvre pour faciliter et adoucir ces bouleversements. L\u2019acc\u00e8s au logement reste un point de tension. 750 millions d\u2019euros ont \u00e9t\u00e9 d\u00e9bloqu\u00e9s pour accro\u00eetre nos disponibilit\u00e9s sur Toulon et Hy\u00e8res. Nous augmentons \u00e9galement nos capacit\u00e9s d\u2019accueil en cr\u00e8ches.\u00a0\u00bb Jos\u00e9e Massi a compl\u00e9t\u00e9: \u00ab\u00a0Nous nous devons d\u2019\u00eatre efficaces. Toulon avance avec la Marine nationale., Accueil en cr\u00e8ches, \u00e9coles, activit\u00e9s loisirs, nous renfor\u00e7ons nos partenariats. Nous aussi nous devons quelque chose aux familles de militaires. \u00ab\u00a0<\/p>\n<p>\u00a0<\/p>\n<p>pratique Bureau liaison des familles, sur la base vie de Ste-Anne, face \u00e0 l\u2019h\u00f4pital. t\u00e9l. 04.83.16.15.52. www.familledesarm\u00e9es.fr &#8211; Association Women Forces en r\u00e9gion toulon@women-forces.fr &#8211; Association nationale des femmes de militaires Anfem rue de l\u2019H\u00f4pital Toulon. T\u00e9l. 09.62.57.05.45.<\/p>\n<p>\u00a0<\/p>\n","protected":false},"excerpt":{"rendered":"Samedi, les mille marins affect\u00e9s \u00e0 la base de d\u00e9fense de Toulon \u00e9taient invit\u00e9s au 24e forum de&hellip;\n","protected":false},"author":2,"featured_media":389437,"comment_status":"","ping_status":"","sticky":false,"template":"","format":"standard","meta":{"footnotes":""},"categories":[9619],"tags":[1111,11,1777,674,1011,27,12,882,25,2310,3366],"class_list":{"0":"post-389436","1":"post","2":"type-post","3":"status-publish","4":"format-standard","5":"has-post-thumbnail","7":"category-toulon","8":"tag-actu","9":"tag-actualites","10":"tag-eu","11":"tag-europe","12":"tag-fr","13":"tag-france","14":"tag-news","15":"tag-provence-alpes-cote-dazur","16":"tag-republique-francaise","17":"tag-toulon","18":"tag-vie-locale"},"share_on_mastodon":{"url":"https:\/\/pubeurope.com\/@fr\/115200814188611422","error":""},"_links":{"self":[{"href":"https:\/\/www.europesays.com\/fr\/wp-json\/wp\/v2\/posts\/389436","targetHints":{"allow":["GET"]}}],"collection":[{"href":"https:\/\/www.europesays.com\/fr\/wp-json\/wp\/v2\/posts"}],"about":[{"href":"https:\/\/www.europesays.com\/fr\/wp-json\/wp\/v2\/types\/post"}],"author":[{"embeddable":true,"href":"https:\/\/www.europesays.com\/fr\/wp-json\/wp\/v2\/users\/2"}],"replies":[{"embeddable":true,"href":"https:\/\/www.europesays.com\/fr\/wp-json\/wp\/v2\/comments?post=389436"}],"version-history":[{"count":0,"href":"https:\/\/www.europesays.com\/fr\/wp-json\/wp\/v2\/posts\/389436\/revisions"}],"wp:featuredmedia":[{"embeddable":true,"href":"https:\/\/www.europesays.com\/fr\/wp-json\/wp\/v2\/media\/389437"}],"wp:attachment":[{"href":"https:\/\/www.europesays.com\/fr\/wp-json\/wp\/v2\/media?parent=389436"}],"wp:term":[{"taxonomy":"category","embeddable":true,"href":"https:\/\/www.europesays.com\/fr\/wp-json\/wp\/v2\/categories?post=389436"},{"taxonomy":"post_tag","embeddable":true,"href":"https:\/\/www.europesays.com\/fr\/wp-json\/wp\/v2\/tags?post=389436"}],"curies":[{"name":"wp","href":"https:\/\/api.w.org\/{rel}","templated":true}]}}