{"id":389444,"date":"2025-09-14T04:45:33","date_gmt":"2025-09-14T04:45:33","guid":{"rendered":"https:\/\/www.europesays.com\/fr\/389444\/"},"modified":"2025-09-14T04:45:33","modified_gmt":"2025-09-14T04:45:33","slug":"national-le-puy-foot-rapidement-reduit-a-dix-subit-la-loi-du-fc-rouen","status":"publish","type":"post","link":"https:\/\/www.europesays.com\/fr\/389444\/","title":{"rendered":"National. Le Puy Foot, rapidement r\u00e9duit \u00e0 dix, subit la loi du FC Rouen"},"content":{"rendered":"<p> Le Puy Foot &#8211; FC Rouen 0 &#8211; 3 Toujours \u00e0 la recherche d\u2019un premier succ\u00e8s cette saison, Le Puy Foot a subi une s\u00e9v\u00e8re d\u00e9faite, ce vendredi soir, face au FC Rouen (0-3).<\/p>\n<p>La rencontre d\u00e9bute devant, encore une fois, un nombreux public. Ce sont les locaux qui rentrent le mieux dans la partie et Nsingi bute sur le gardien.<\/p>\n<p>H\u00e9las ce dernier est expuls\u00e9 \u00e0 la 10e\u00a0 \u00a0minute pour un coup de coude sur son adversaire qui sortira sur blessure.<\/p>\n<p>Le Puy reste scotch\u00e9 au bas de tableau<\/p>\n<p>Le Puy encaisse le coup et Rouen en profite pour ouvrir le score \u00e0 la 20e minute. Rouen se montre encore dangereux sur un centre de Sendy mais, seul dans la&#8230;<\/p>\n","protected":false},"excerpt":{"rendered":"Le Puy Foot &#8211; FC Rouen 0 &#8211; 3 Toujours \u00e0 la recherche d\u2019un premier succ\u00e8s cette saison,&hellip;\n","protected":false},"author":2,"featured_media":389445,"comment_status":"","ping_status":"","sticky":false,"template":"","format":"standard","meta":{"footnotes":""},"categories":[9587],"tags":[1111,11,10446,1777,674,63,1011,27,10444,10445,12,5161,25,9590,517],"class_list":{"0":"post-389444","1":"post","2":"type-post","3":"status-publish","4":"format-standard","5":"has-post-thumbnail","7":"category-rouen","8":"tag-actu","9":"tag-actualites","10":"tag-edition-haute-loire","11":"tag-eu","12":"tag-europe","13":"tag-football","14":"tag-fr","15":"tag-france","16":"tag-le-puy-en-velay","17":"tag-le-puy-en-velay-ville","18":"tag-news","19":"tag-normandie","20":"tag-republique-francaise","21":"tag-rouen","22":"tag-sport"},"share_on_mastodon":{"url":"https:\/\/pubeurope.com\/@fr\/115200833815558107","error":""},"_links":{"self":[{"href":"https:\/\/www.europesays.com\/fr\/wp-json\/wp\/v2\/posts\/389444","targetHints":{"allow":["GET"]}}],"collection":[{"href":"https:\/\/www.europesays.com\/fr\/wp-json\/wp\/v2\/posts"}],"about":[{"href":"https:\/\/www.europesays.com\/fr\/wp-json\/wp\/v2\/types\/post"}],"author":[{"embeddable":true,"href":"https:\/\/www.europesays.com\/fr\/wp-json\/wp\/v2\/users\/2"}],"replies":[{"embeddable":true,"href":"https:\/\/www.europesays.com\/fr\/wp-json\/wp\/v2\/comments?post=389444"}],"version-history":[{"count":0,"href":"https:\/\/www.europesays.com\/fr\/wp-json\/wp\/v2\/posts\/389444\/revisions"}],"wp:featuredmedia":[{"embeddable":true,"href":"https:\/\/www.europesays.com\/fr\/wp-json\/wp\/v2\/media\/389445"}],"wp:attachment":[{"href":"https:\/\/www.europesays.com\/fr\/wp-json\/wp\/v2\/media?parent=389444"}],"wp:term":[{"taxonomy":"category","embeddable":true,"href":"https:\/\/www.europesays.com\/fr\/wp-json\/wp\/v2\/categories?post=389444"},{"taxonomy":"post_tag","embeddable":true,"href":"https:\/\/www.europesays.com\/fr\/wp-json\/wp\/v2\/tags?post=389444"}],"curies":[{"name":"wp","href":"https:\/\/api.w.org\/{rel}","templated":true}]}}